{"id":60108,"date":"2019-08-30T15:59:12","date_gmt":"2019-08-30T15:59:12","guid":{"rendered":"https:\/\/colimdo.org\/?p=60108"},"modified":"2019-08-30T15:59:12","modified_gmt":"2019-08-30T15:59:12","slug":"salon-fama-la-romana-hara-domingo-ceremonial-exaltacion","status":"publish","type":"post","link":"https:\/\/colimdo.org\/noticias\/salon-fama-la-romana-hara-domingo-ceremonial-exaltacion\/","title":{"rendered":"Sal\u00f3n  Fama de La Romana har\u00e1  el domingo Ceremonial Exaltaci\u00f3n"},"content":{"rendered":"<p class=\"x_MsoNormal\"><b><span lang=\"ES\">LA ROMANA<\/span><\/b><span lang=\"ES\">. El Sal\u00f3n de la Fama del Deportista Romanense dio a conocer los actuantes en el VII Ceremonial e Exaltaci\u00f3n que ser\u00e1 celebrado el domingo 1 de septiembre, a partir de las 10:00 de la ma\u00f1ana en el\u00a0<\/span><span lang=\"ES\">Auditorio de la Alianza Juvenil, ubicado en el sector de Buena Vista de esta ciudad.<\/span><\/p>\n<p class=\"x_MsoNormal\"><span lang=\"ES\">El doctor Jos\u00e9 Reyes, presidente del Sal\u00f3n de la Fama, dijo que est\u00e1n definidos los edecanes de los 12 deportistas que ser\u00e1n inmortalizados el domingo, en el evento que se celebra cada dos a\u00f1os.<\/span><\/p>\n<p class=\"x_MsoNormal\"><span lang=\"ES\">Tambi\u00e9n, el personal participante, encabezado por el Presidente de Honor del Ceremonial, que lo ser\u00e1 el empresario Federico F\u00e9lix.<\/span><\/p>\n<p class=\"x_MsoNormal\"><span lang=\"ES\">Reyes record\u00f3 que los pr\u00f3ximos inmortales del deporte romanense ser\u00e1n Julio Cabrera, en baloncesto; Domingo Michel y Juli\u00e1n Yan, en b\u00e9isbol profesional; Dora Thomas, en softbol; Alexis Ubiera S\u00e1nchez, en tenis de campo; Ricardo Alfredo Torres, voleibol; Pedro Saiz, en boxeo; Samuel R. Thomas, b\u00e9isbol aficionado; los propulsores \u00c9rvido Creales, Apolinario Cruz S\u00e1nchez, Carlos Morales Troncoso y Sim\u00f3n Alfonso Pemberton.<\/span><\/p>\n<p class=\"x_MsoNormal\"><span lang=\"ES\">Jos\u00e9 Reyes inform\u00f3 que nueve de los 12 deportistas a ser inmortalizados estar\u00e1n presentes, mientras que la exaltaci\u00f3n de los fallecidos Cruz S\u00e1nchez, Morales Troncoso y Samuel Thomas ser\u00e1 recibida por Juan De Dios Caraballo Castillo, Nicol Morales y Dolores Thomas, respectivamente.<\/span><\/p>\n<p class=\"x_MsoNormal\"><b><span lang=\"ES\">Los edecanes<\/span><\/b><\/p>\n<p class=\"x_MsoNormal\"><span lang=\"ES\">Gladys Cabrera ser\u00e1 la edec\u00e1n de Julio Cabrera, M\u00f3nico Mirel Cruz Zayas acompa\u00f1ar\u00e1 al nuevo inmortal \u00c9rvido Creales, Fidelina Pool Green lo har\u00e1 con el exaltado Cruz S\u00e1nchez, Danilo Troncoso acompa\u00f1ar\u00e1 a Domingo Michel hasta el altar de la inmortalidad, Ivette Morales lo har\u00e1 con el representante de Carlos Morales y C\u00e9sar Medina desfilar\u00e1 con Sim\u00f3n Alfonso Pemberton.<\/span><\/p>\n<p class=\"x_MsoNormal\"><span lang=\"ES\">Mientras que Pedro Saiz, Samuel Thomas, Dora Thomas, Ricardo Torres, Alexis Ubiera y Juli\u00e1n Yan tendr\u00e1n como edecanes a Santiago Tib\u00f3, Adriano Rodr\u00edguez, Manuel Heredia, Santiago Cruz, Jorge Ubiera y Mariobel Romano, respectivamente.<\/span><\/p>\n<p class=\"x_MsoNormal\"><b><span lang=\"ES\">Participantes y actuantes<\/span><\/b><\/p>\n<p class=\"x_MsoNormal\"><span lang=\"ES\">Adem\u00e1s de F\u00e9lix como Presidente de Honor, el Sal\u00f3n de la Fama de La Romana indic\u00f3 que Manuel de Jes\u00fas ser\u00e1 el moderador, Hilda Mar\u00eda Peguero, la presentadora y Marcial Morla (Cayito) actuar\u00e1 como coordinador.<\/span><\/p>\n<p class=\"x_MsoNormal\"><span lang=\"ES\">Entre los actuantes, Rufino Wilmore presidente de la Asociaci\u00f3n de Atletismo, ser\u00e1 el abanderado nacional y Carlos Henr\u00edquez el abanderado del Sal\u00f3n de la Fama.<\/span><\/p>\n<p class=\"x_MsoNormal\"><span lang=\"ES\">Andy Williams, jugador de La Tribu de Quisqueya que gan\u00f3 el reci\u00e9n finalizado torneo de baloncesto superior de esta provincia, portar\u00e1 el laurel, mientras que el ingeniero Nelson Wells presidente de la Asociaci\u00f3n de Softbol Romanense, desfilar\u00e1 portando el machete. Pedro Abraham har\u00e1 la invocaci\u00f3n del acto.<\/span><\/p>\n<p class=\"x_MsoNormal\"><span lang=\"ES\">Asimismo, Miguel Cotes ser\u00e1 el director musical y de marcha, Virginia Cruz dar\u00e1 la bienvenida a los inmortales, Hans Jim\u00e9nez, el brindis de honor; Jatnna Rodr\u00edguez leer\u00e1 el mensaje de la prensa deportiva y Lucas Hidalgo Gar\u00f3, la dedicatoria del Ceremonial.<\/span><\/p>\n<p class=\"x_MsoNormal\"><span lang=\"ES\">El Ceremonial estar\u00e1 dedicado a la Asociaci\u00f3n de Boxeo de La Romana, mientras que se har\u00e1n reconocimientos a Jean Giraldi y Rafael Torres.<\/span><\/p>\n<p class=\"x_MsoNormal\"><span lang=\"ES\">Como patrocinadores del Ceremonial est\u00e1n la Alcald\u00eda Municipal de La Romana, Alcald\u00eda Municipal de Guaymate, Alcald\u00eda Municipal de Villa Hermosa, Distrito Municipal de Caleta, Distrito Municipal KM -10 Cumayasa, Central Romana, ARS Palic, Casa de Campo, BanReservas, Brugal &amp; Cia, Productos Higueral, L&amp;R Comercial y Toros del Este.<\/span><\/p>\n","protected":false},"excerpt":{"rendered":"<p>El doctor Jos\u00e9 Reyes, presidente del Sal\u00f3n de la Fama, dijo que est\u00e1n definidos los edecanes de los 12 deportistas que ser\u00e1n inmortalizados el domingo, en el evento que se celebra cada dos a\u00f1os.<\/p>\n","protected":false},"author":16,"featured_media":60109,"comment_status":"closed","ping_status":"closed","sticky":false,"template":"","format":"standard","meta":[],"categories":[2,60],"tags":[],"acf":[],"_links":{"self":[{"href":"https:\/\/colimdo.org\/wp-api\/wp\/v2\/posts\/60108"}],"collection":[{"href":"https:\/\/colimdo.org\/wp-api\/wp\/v2\/posts"}],"about":[{"href":"https:\/\/colimdo.org\/wp-api\/wp\/v2\/types\/post"}],"author":[{"embeddable":true,"href":"https:\/\/colimdo.org\/wp-api\/wp\/v2\/users\/16"}],"replies":[{"embeddable":true,"href":"https:\/\/colimdo.org\/wp-api\/wp\/v2\/comments?post=60108"}],"version-history":[{"count":1,"href":"https:\/\/colimdo.org\/wp-api\/wp\/v2\/posts\/60108\/revisions"}],"predecessor-version":[{"id":60111,"href":"https:\/\/colimdo.org\/wp-api\/wp\/v2\/posts\/60108\/revisions\/60111"}],"wp:featuredmedia":[{"embeddable":true,"href":"https:\/\/colimdo.org\/wp-api\/wp\/v2\/media\/60109"}],"wp:attachment":[{"href":"https:\/\/colimdo.org\/wp-api\/wp\/v2\/media?parent=60108"}],"wp:term":[{"taxonomy":"category","embeddable":true,"href":"https:\/\/colimdo.org\/wp-api\/wp\/v2\/categories?post=60108"},{"taxonomy":"post_tag","embeddable":true,"href":"https:\/\/colimdo.org\/wp-api\/wp\/v2\/tags?post=60108"}],"curies":[{"name":"wp","href":"https:\/\/api.w.org\/{rel}","templated":true}]}}