{"id":60115,"date":"2019-08-31T04:43:12","date_gmt":"2019-08-31T04:43:12","guid":{"rendered":"https:\/\/colimdo.org\/?p=60115"},"modified":"2019-08-31T04:42:18","modified_gmt":"2019-08-31T04:42:18","slug":"roosevelt-comarazamy-electo-inmortal-del-deporte-dominicano","status":"publish","type":"post","link":"https:\/\/colimdo.org\/noticias\/roosevelt-comarazamy-electo-inmortal-del-deporte-dominicano\/","title":{"rendered":"Roosevelt Comarazamy electo Inmortal del Deporte Dominicano"},"content":{"rendered":"<p>SANTO DOMNGO, EL NACIONAL.- El m\u00e1s erudito entre los periodistas deportivos de la Rep\u00fablica Dominicana ser\u00e1 inmortalizado por el Pabell\u00f3n de la Fama el segundo domingo de noviembre pr\u00f3ximo.<\/p>\n<p>Con la elecci\u00f3n de Roosevelt Comarazamy para ser introducido al Pabell\u00f3n de la Fama del Deporte Dominicano el laureado comunicador lograr\u00e1 una poltrona en ese recinto.<\/p>\n<p>El anuncio fue hecho este mi\u00e9rcoles por el Comit\u00e9 Permanente del Pabell\u00f3n de la Fama, por medio de su presidente, el doctor Dionisio Guzm\u00e1n.<\/p>\n<p>Al revelar la elecci\u00f3n del otrora atleta de baloncesto, abogado, comunicador de vastos conocimientos en las m\u00e1s variadas disciplinas deportivas y pluma exquisita, Guzm\u00e1n afirm\u00f3 que el templo de la inmortalidad del deporte nacional se enaltecer\u00e1 con la presencia de un ciudadano ejemplar en su m\u00e1xima expresi\u00f3n.<\/p>\n<p>Comarazamy ser\u00e1 exaltado el domingo 10 de noviembre durante el Ceremonial, que cada a\u00f1o se realiza desde las 12:00 del mediod\u00eda en el audit\u00f3rium del Pabell\u00f3n de la Fama, ubicado en el Centro Ol\u00edmpico Juan Pablo Duarte.<\/p>\n<p>Ser\u00e1 uno de seis deportistas, ex atletas o propulsores, que abrazar\u00e1n la inmortalidad del deporte dominicano, expres\u00f3 Guzm\u00e1n.<\/p>\n<p>De hecho, Roosevelt ha sido votado como inmortal en calidad de propulsor y es el segundo de la clase a ser exaltado este a\u00f1o por toda la contribuci\u00f3n que durante medio siglo ha hecho al deporte nacional.<\/p>\n<p>Se une, hasta ahora, al doctor Bol\u00edvar Vargas Candelario, como las primeras elecciones del Pabell\u00f3n de la Fama. Vargas es un notable deportista que por cosas del destino no pudo ser pelotero profesional, y luego recorri\u00f3 con \u00e9xito todas las etapas del deporte de la helterofilia, como atleta, entrenador, \u00e1rbitro y dirigente internacional, adem\u00e1s de ocupar la m\u00e1s alta posici\u00f3n a nivel nacional en levantamiento de pesas.<\/p>\n<p>Trayectoria<\/p>\n<p>Comarazamy (naci\u00f3 el 26 de abril de 1948 en San Pedro de Macor\u00eds) practic\u00f3 deporte desde su ni\u00f1ez, hasta llegar a ser miembro a nivel superior de la selecci\u00f3n nacional de baloncesto.<\/p>\n<p>No obstante a su talento y habilidades como baloncestista, Comarazamy nunca descuid\u00f3 sus estudios y desde su juventud plena se inclin\u00f3 por los mismos, gradu\u00e1ndose con honores de doctor en derecho y luego se desempe\u00f1\u00f3 como catedr\u00e1tico en la Universidad Central del Este (UCE).<\/p>\n<p>Pero su destino estaba ligado al deporte y r\u00e1pidamente abraz\u00f3 la cr\u00f3nica deportiva como un excelso redactor, combinando eso con una elevada calidad como narrador y comentarista en todas las disciplinas deportivas en las que ha incursionado.<\/p>\n<p>Su vena de fino escritor es herencia de otro periodista de gran estirpe, Don Francisco Comarazamy (fallecido), su padre. Roosevelt curs\u00f3 sus estudios primarios e intermedios en el colegio Santo Tom\u00e1s de Aquino y los secundarios en Don Bosco y La Salle. Se titul\u00f3 de bachiller en filosof\u00eda y letras en 1964 y se gradu\u00f3 de derecho \u201cCum Laude\u201d en la Universidad Aut\u00f3noma de Santo Domingo (UASD).<\/p>\n<p>Despu\u00e9s de jugar en todas las categor\u00edas a nivel colegial a partir de 1962 y en varios clubes capitalinos y de Puerto Rico, Comarazamy hizo la selecci\u00f3n que particip\u00f3 en los D\u00e9cimos Juegos Deportivos, Centroamericanos y del Caribe de 1966, celebrados en San Juan, Puerto Rico.<\/p>\n<p>Fue l\u00edder anotador en 1964 jugando con Wichita, en un torneo de categor\u00eda C y dos a\u00f1os despu\u00e9s ayud\u00f3 a que esta organizaci\u00f3n ganara el t\u00edtulo, con \u00e9l como capit\u00e1n.<\/p>\n<p>En 1968 tambi\u00e9n fue campe\u00f3n en un torneo Clase A jugando para el Club San L\u00e1zaro y ya para 1972 formaba parte de un legendario club Deportivo Naco, al que le dio gloria y del que tambi\u00e9n recibi\u00f3 honores como deportista, tres a\u00f1os despu\u00e9s de haber sido jugador-fundador de baloncesto naque\u00f1o.<\/p>\n<p>Fue en Naco donde comenz\u00f3 su carrera de propulsor deportivo, organizando para esa entidad, en 1971, el primer torneo de mini basket celebrado por un club en el pa\u00eds.<\/p>\n<p>En 1969 fue secretario de la Asociaci\u00f3n de Baloncesto del Distrito Nacional, en 1970 delegado t\u00e9cnico de Rep\u00fablica dominicana en los XI Juegos Centroamericanos y del caribe de Panam\u00e1.<\/p>\n<p>Abraz\u00f3 la carrera de narrador y comentarista de radio y televisi\u00f3n en 1971 trabajando para la Cadena de Los Grandes MLB, consecuentemente con la de redactor y traductor.<\/p>\n<p>Previamente, en 1969 fue corresponsal de France Press (Agencia de Prensa Francesa), redactor del List\u00edn Diario (1970), Editor Deportivo de la Revista Ahora\/ Redactor El Nacional de Ahora (desde 1971 hasta la fecha) y Corresponsal de The Sporting News (1972). Tambi\u00e9n, de Baseball Am\u00e9rica (1990).<\/p>\n<p>Casi medio siglo como narrador<\/p>\n<p>En la cr\u00f3nica es donde Roosevelt ha experimentado sus mayores satisfacciones. Dos veces gano el premio al Cronista del A\u00f1o de la ACD, recibi\u00f3 el Premio a la Excelencia Period\u00edstica y el Premio Juan Bosch.<\/p>\n<p>Roosevelt Fue miembro fundador de Pro-Deporte Aficionado, en 1980, director de relaciones p\u00fablicas de los Tigres del Licey (1979) y presidente de la Asociaci\u00f3n de Cronistas Deportivos de Santo Domingo, en 1998<\/p>\n<p>Es el principal oficial de prensa en Am\u00e9rica de la Federaci\u00f3n Internacional de Voleibol (FIVB), la tercera instituci\u00f3n deportiva m\u00e1s poderosa a nivel mundial, despu\u00e9s del Comit\u00e9 Ol\u00edmpico Internacional y la Federaci\u00f3n Internacional de F\u00fatbol Asociado (FIFA).<\/p>\n<p>Tiene una experiencia de 48 a\u00f1os transmitiendo juegos de Grandes Ligas para Los Grandes, Sports Center de MLB, Mundo Deportivo Marlboro, Grandes Ligas en Acci\u00f3n, Astroboys de Toshiba, TV Deportes, Deportes en La Cumbre MLB.<\/p>\n","protected":false},"excerpt":{"rendered":"<p>Comarazamy ser\u00e1 exaltado el domingo 10 de noviembre durante el Ceremonial, que cada a\u00f1o se realiza desde las 12:00 del mediod\u00eda en el audit\u00f3rium del Pabell\u00f3n de la Fama, ubicado en el Centro Ol\u00edmpico Juan Pablo Duarte.<\/p>\n","protected":false},"author":16,"featured_media":60116,"comment_status":"closed","ping_status":"closed","sticky":false,"template":"","format":"standard","meta":[],"categories":[2,60],"tags":[],"acf":[],"_links":{"self":[{"href":"https:\/\/colimdo.org\/wp-api\/wp\/v2\/posts\/60115"}],"collection":[{"href":"https:\/\/colimdo.org\/wp-api\/wp\/v2\/posts"}],"about":[{"href":"https:\/\/colimdo.org\/wp-api\/wp\/v2\/types\/post"}],"author":[{"embeddable":true,"href":"https:\/\/colimdo.org\/wp-api\/wp\/v2\/users\/16"}],"replies":[{"embeddable":true,"href":"https:\/\/colimdo.org\/wp-api\/wp\/v2\/comments?post=60115"}],"version-history":[{"count":1,"href":"https:\/\/colimdo.org\/wp-api\/wp\/v2\/posts\/60115\/revisions"}],"predecessor-version":[{"id":60117,"href":"https:\/\/colimdo.org\/wp-api\/wp\/v2\/posts\/60115\/revisions\/60117"}],"wp:featuredmedia":[{"embeddable":true,"href":"https:\/\/colimdo.org\/wp-api\/wp\/v2\/media\/60116"}],"wp:attachment":[{"href":"https:\/\/colimdo.org\/wp-api\/wp\/v2\/media?parent=60115"}],"wp:term":[{"taxonomy":"category","embeddable":true,"href":"https:\/\/colimdo.org\/wp-api\/wp\/v2\/categories?post=60115"},{"taxonomy":"post_tag","embeddable":true,"href":"https:\/\/colimdo.org\/wp-api\/wp\/v2\/tags?post=60115"}],"curies":[{"name":"wp","href":"https:\/\/api.w.org\/{rel}","templated":true}]}}