{"id":60124,"date":"2019-08-31T04:41:50","date_gmt":"2019-08-31T04:41:50","guid":{"rendered":"https:\/\/colimdo.org\/?p=60124"},"modified":"2019-08-31T04:41:12","modified_gmt":"2019-08-31T04:41:12","slug":"eligen-edwin-rodriguez-vicepresidente-la-upag","status":"publish","type":"post","link":"https:\/\/colimdo.org\/noticias\/eligen-edwin-rodriguez-vicepresidente-la-upag\/","title":{"rendered":"Eligen a Edwin Rodr\u00edguez como vicepresidente de la UPAG"},"content":{"rendered":"<p>EL NUEVO DIARIO, SANTO DOMINGO.- El presidente de la Federaci\u00f3n Dominicana de Gimnasia (Fedogim), Edwin Rodr\u00edguez, fue elegido como vicepresidente de la Uni\u00f3n Panamericana de Gimnasia (UPAG), el \u00f3rgano oficial de gobierno de la gimnasia en el Continente Americano.<\/p>\n<p>El dominicano Rodr\u00edguez fue posesionado en el congreso Panamericano de la instituci\u00f3n, realizado en el hotel Westin de Lima, dentro de los Juegos Panamericanos de Lima 2019, donde tambi\u00e9n se reeligi\u00f3 como presidente a Naomi Valenzo, de M\u00e9xico y otros cuatro vicepresidentes del \u00e1rea.<\/p>\n<p>A Rodr\u00edguez se le encomend\u00f3 la regi\u00f3n del Caribe, donde pertenecen los pa\u00edses Barbados, Cuba, Haiti, Jamaica, Puerto Rico, Rep\u00fablica Dominicana, San Vicente y las Granadinas.<\/p>\n<p>La UPAG, en coordinaci\u00f3n con las Federaciones Nacionales, la Federaci\u00f3n Internacional de Gimnasia (FIG) y PanamSports, establece las normas de participaci\u00f3n y lleva a cabo estrategias de desarrollo y promoci\u00f3n de las disciplinas que reconoce la FIG.<\/p>\n<p>\u200bActualmente cuenta con 30 Federaciones Nacionales afiliadas y una m\u00e1s en situaci\u00f3n condicional.<\/p>\n<p>Rodr\u00edguez tiene varios periodos como presidente de la Fedogim. Tambi\u00e9n es parte del Comit\u00e9 Ol\u00edmpico Dominicano y forma parte del grupo que trabaja en Solidaridad Ol\u00edmpica.<\/p>\n<p>El nativo de San Crist\u00f3bal fue el jefe de misi\u00f3n de los pasados Juegos Centroamericanos y del Caribe Barranquilla 2018.<\/p>\n","protected":false},"excerpt":{"rendered":"<p>A Rodr\u00edguez se le encomend\u00f3 la regi\u00f3n del Caribe, donde pertenecen los pa\u00edses Barbados, Cuba, Haiti, Jamaica, Puerto Rico, Rep\u00fablica Dominicana, San Vicente y las Granadinas.<\/p>\n","protected":false},"author":19,"featured_media":60125,"comment_status":"closed","ping_status":"closed","sticky":false,"template":"","format":"standard","meta":[],"categories":[2,60],"tags":[],"acf":[],"_links":{"self":[{"href":"https:\/\/colimdo.org\/wp-api\/wp\/v2\/posts\/60124"}],"collection":[{"href":"https:\/\/colimdo.org\/wp-api\/wp\/v2\/posts"}],"about":[{"href":"https:\/\/colimdo.org\/wp-api\/wp\/v2\/types\/post"}],"author":[{"embeddable":true,"href":"https:\/\/colimdo.org\/wp-api\/wp\/v2\/users\/19"}],"replies":[{"embeddable":true,"href":"https:\/\/colimdo.org\/wp-api\/wp\/v2\/comments?post=60124"}],"version-history":[{"count":1,"href":"https:\/\/colimdo.org\/wp-api\/wp\/v2\/posts\/60124\/revisions"}],"predecessor-version":[{"id":60126,"href":"https:\/\/colimdo.org\/wp-api\/wp\/v2\/posts\/60124\/revisions\/60126"}],"wp:featuredmedia":[{"embeddable":true,"href":"https:\/\/colimdo.org\/wp-api\/wp\/v2\/media\/60125"}],"wp:attachment":[{"href":"https:\/\/colimdo.org\/wp-api\/wp\/v2\/media?parent=60124"}],"wp:term":[{"taxonomy":"category","embeddable":true,"href":"https:\/\/colimdo.org\/wp-api\/wp\/v2\/categories?post=60124"},{"taxonomy":"post_tag","embeddable":true,"href":"https:\/\/colimdo.org\/wp-api\/wp\/v2\/tags?post=60124"}],"curies":[{"name":"wp","href":"https:\/\/api.w.org\/{rel}","templated":true}]}}