{"id":60130,"date":"2019-08-30T19:02:12","date_gmt":"2019-08-30T19:02:12","guid":{"rendered":"https:\/\/colimdo.org\/?p=60130"},"modified":"2019-08-30T19:02:12","modified_gmt":"2019-08-30T19:02:12","slug":"joel-ramirez-quiere-dar-sexta-corona-los-metros","status":"publish","type":"post","link":"https:\/\/colimdo.org\/noticias\/joel-ramirez-quiere-dar-sexta-corona-los-metros\/","title":{"rendered":"Joel Ram\u00edrez quiere dar sexta corona a los Metros"},"content":{"rendered":"<p>LISTIN DIARIO.-\u00a0Joel Ram\u00edrez, ex armador de los cinco veces campeones Metros de Santiago, asume un nuevo reto y con mayor responsabilidad en su carrera y es ser el dirigente de este equipo, luego de asumir las riendas del conjunto de cara a su participaci\u00f3n en el pr\u00f3ximo torneo de la Liga Nacional de Baloncesto (LNB), que arranca el pr\u00f3ximo cuatro de septiembre.<\/p>\n<p>Aunque en la temporada del 2018 Joel Ram\u00edrez fue dirigente interino por un partido luego de licenciar al dirigente espa\u00f1ol Paco Olmos, en este 2019 es cuando podr\u00e1 mostrar\u00e1 su talento como entrenador, el cual tiene como principal objetivo el campeonato y sexta corona de Metros.<\/p>\n<p>Y es que Joel dijo sentirse como en su casa en Santiago, tras quince a\u00f1os de carrera orbitando en el baloncesto de local y con Los Metros.<\/p>\n<p>\u201cCacuchi\u201d, como le dicen sus amigos fue jugador insignia de Metros el cual ha sido participe de las 5 coronas del equipo como jugador, y luego de estrenarse como dirigente y ser campe\u00f3n en el Basket Superior Distrital con el Rafael Barias, su norte es encarrilar al club local por los rieles del triunfo luego de la fat\u00eddica temporada pasada.<\/p>\n<p>Adem\u00e1s Ram\u00edrez acumula seis campeonatos en el baloncesto superior de Santiago y m\u00e1s de 30 a nivel nacional.<\/p>\n<p>Con relaci\u00f3n a la preparaci\u00f3n del equipo Ram\u00edrez, elogio el material nativo y la preparaci\u00f3n f\u00edsica que tienen adem\u00e1s del buen ambiente que se est\u00e1 respirando en las primeras pr\u00e1cticas que han desarrollado en la Gran Arena del Cibao, casa de los Metros.<\/p>\n<p>Como parte fundamental de sus expectativas Ram\u00edrez dijo que los jugadores se est\u00e1n com- penetrando y provocando buena qu\u00edmica para encarrilar al equipo por el sendero de la victoria.<\/p>\n<p>\u201cConozco mis muchachos y espero sacar lo mejor de ellos, solo pido a Dios que me de fuerza para seguir luchando y darle un campeonato a Santiago, como se lo di al Rafael Barias\u201d, explic\u00f3 Ram\u00edrez.<\/p>\n<p>Mientras el vicepresidente de Metros, Marcelo de Jes\u00fas Berm\u00fadez resalto la juventud del conjunto y en base a ellos han conformado el equipo por lo que se concentraran en fortalecer la parte trasera de la cancha con la b\u00fasqueda de dos refuerzos en las posiciones de centro y delantero de poder.<\/p>\n<p>Adem\u00e1s dijo que la combinaci\u00f3n de veteranos y los nuevos j\u00f3venes ser\u00e1 parte de la fortaleza por lo que trabaja en conjunto con el gerente C\u00e9sar Saint-Hilaire, en la b\u00fasqueda de dos refuerzos que puedan llenar las expectativas del equipo para lograr la meta.<\/p>\n<p>Frink, Flores y Dicent se unen al equipo<br \/>\nAdem\u00e1s de la llegada del dirigente se unieron a los entrenamientos el ex NBA y veterano Luis Flores, que viene se ser el jugador m\u00e1s valioso del pasado torneo del Distrito Nacional.<\/p>\n<p>Flores jug\u00f3 para el quinteto Huellas del Siglo, donde fue el cuarto mejor anotador con promedio de 18.1 por partido, qued\u00f3 quinto en asistencias y tercero en balones robados, tambi\u00e9n fue primero en tiros de campo para un 60% y segundo en tiros libres de 44-39 para un 89%.<\/p>\n<p>Jerome Frink, quien regresa a Metros en calidad de pr\u00e9stamo, procedente de los Soles de Santo Domingo Este, fue pieza de lujo la pasada campa\u00f1a, que por su trabajo logro ganar el premio del Novato del A\u00f1o.<\/p>\n<p>Tambi\u00e9n los Metros recibieron la inyecci\u00f3n del Miguel Dicent, que junto a Flores tendr\u00e1n responsabilidades compartidas de armador, para darle mayor profundidad a la punta del equipo.<\/p>\n<p>BRYANT M\u00c9NDEZ<br \/>\nLas nuevas caras en el equipo<br \/>\n\u2022La integraci\u00f3n de Brandone Francis, primera selecci\u00f3n del pasado Draft de novatos de la LNB ha llenado de expectativa la fanaticada luego de jugara en la NCAA y con la selecci\u00f3n nacional en los Panam Lima.<\/p>\n<p>Es nativo de La Romana y en 2011 estuvo con la selecci\u00f3n juvenil en Centrobasket U17 en Puerto Rico, donde fue l\u00edder con 16.8 puntos por partido, 7.6 rebotes y 3.2 asistencias, en 30.6 minutos de juego.<\/p>\n<p>Adem\u00e1s de Francis, se integraron Bryant M\u00e9ndez y Aneudy Parra (La M\u00e1lmara), quienes fueron los novatos del a\u00f1o en el baloncesto Superior de Santiago en el pasado torneo, Parra est\u00e1 en el conjunto en calidad de pr\u00e9stamo.<\/p>\n","protected":false},"excerpt":{"rendered":"<p>Y es que Joel dijo sentirse como en su casa en Santiago, tras quince a\u00f1os de carrera orbitando en el baloncesto de local y con Los Metros.<\/p>\n","protected":false},"author":19,"featured_media":60131,"comment_status":"closed","ping_status":"closed","sticky":false,"template":"","format":"standard","meta":[],"categories":[2,60],"tags":[],"acf":[],"_links":{"self":[{"href":"https:\/\/colimdo.org\/wp-api\/wp\/v2\/posts\/60130"}],"collection":[{"href":"https:\/\/colimdo.org\/wp-api\/wp\/v2\/posts"}],"about":[{"href":"https:\/\/colimdo.org\/wp-api\/wp\/v2\/types\/post"}],"author":[{"embeddable":true,"href":"https:\/\/colimdo.org\/wp-api\/wp\/v2\/users\/19"}],"replies":[{"embeddable":true,"href":"https:\/\/colimdo.org\/wp-api\/wp\/v2\/comments?post=60130"}],"version-history":[{"count":1,"href":"https:\/\/colimdo.org\/wp-api\/wp\/v2\/posts\/60130\/revisions"}],"predecessor-version":[{"id":60132,"href":"https:\/\/colimdo.org\/wp-api\/wp\/v2\/posts\/60130\/revisions\/60132"}],"wp:featuredmedia":[{"embeddable":true,"href":"https:\/\/colimdo.org\/wp-api\/wp\/v2\/media\/60131"}],"wp:attachment":[{"href":"https:\/\/colimdo.org\/wp-api\/wp\/v2\/media?parent=60130"}],"wp:term":[{"taxonomy":"category","embeddable":true,"href":"https:\/\/colimdo.org\/wp-api\/wp\/v2\/categories?post=60130"},{"taxonomy":"post_tag","embeddable":true,"href":"https:\/\/colimdo.org\/wp-api\/wp\/v2\/tags?post=60130"}],"curies":[{"name":"wp","href":"https:\/\/api.w.org\/{rel}","templated":true}]}}