{"id":60142,"date":"2019-08-31T04:44:41","date_gmt":"2019-08-31T04:44:41","guid":{"rendered":"https:\/\/colimdo.org\/?p=60142"},"modified":"2019-08-31T04:44:06","modified_gmt":"2019-08-31T04:44:06","slug":"geraldo-castro-plata-taekwondo-parapanamericanos-lima","status":"publish","type":"post","link":"https:\/\/colimdo.org\/noticias\/geraldo-castro-plata-taekwondo-parapanamericanos-lima\/","title":{"rendered":"Geraldo Castro, plata en taekwondo Parapanamericanos\u00a0 Lima  \u00a0"},"content":{"rendered":"<p class=\"x_ydp2bd066e3MsoNoSpacing\"><b><span lang=\"ES-DO\">SANTO DOMINGO<\/span><\/b><span lang=\"ES-DO\">. El dominicano Geraldo Castro obtuvo la medalla de plata en la categor\u00eda masculino K44 menos 61 kilos masculinos de las competencias de para-taekwondo de los VI Juegos ParaPanamericanos que se celebran en Lima, Per\u00fa.<\/span><\/p>\n<p class=\"x_ydp2bd066e3MsoNoSpacing\"><span lang=\"ES-DO\">Castro se qued\u00f3 con la plata al perder por puntos 40-13 de Nathan Sodario, de Brasil.<\/span><\/p>\n<p class=\"x_ydp2bd066e3MsoNoSpacing\"><span lang=\"ES-DO\">En los octavos de final, el atleta quisqueyano derrot\u00f3 42 por 21 a Fabricio Marques, de Brasil, mientras que en los cuartos derrot\u00f3 28 por 13 a Anthony Cappello, de Canad\u00e1, quien es doble medallista mundial en la especialidad.<\/span><\/p>\n<p class=\"x_ydp2bd066e3MsoNoSpacing\"><span lang=\"ES-DO\">En la ronda de semifinales, Castro le gan\u00f3 a Facundo Novik, de Argentina.<\/span><\/p>\n<p class=\"x_ydp2bd066e3MsoNoSpacing\"><span lang=\"ES-DO\">Las medallas de bronce quedaron en manos de Yandry Larrondo, de Cuba, y William Fern\u00e1ndez, de Per\u00fa.<\/span><\/p>\n<p class=\"x_ydp2bd066e3MsoNoSpacing\"><span lang=\"ES-DO\">Con la presea de plata lograda este viernes por Castro, la delegaci\u00f3n aument\u00f3 a cuatro la cantidad de preseas obtenidas en los Juegos ParaPanamericanos de Lima, Per\u00fa, incluidas tres de plata y una de bronce.<\/span><\/p>\n<p class=\"x_ydp2bd066e3MsoNoSpacing\"><span lang=\"ES-DO\">Castro, quien tiene discapacidad auditiva y del habla, se convirti\u00f3 en el primer medallista del taekwondo en Juegos ParaPanamericanos.<\/span><\/p>\n<p class=\"x_ydp2bd066e3MsoNoSpacing\"><span lang=\"ES-DO\">Ya con su medalla de plata, Geraldo tiene como meta el clasificatorio paral\u00edmpico que se celebrar\u00e1 en marzo del pr\u00f3ximo a\u00f1o en Costa Rica con miras los Juegos Ol\u00edmpicos de Tokio 2020.<\/span><\/p>\n<p class=\"x_ydp2bd066e3MsoNoSpacing\"><b><span lang=\"ES-DO\">En otro resultado<\/span><\/b><span lang=\"ES-DO\">, Elizabeth Geraldo, en la categor\u00eda K44 menos 49 kilos, perdi\u00f3 su primera pelea 32-1 ante Lilisbet Rodr\u00edguez, de Cuba, y en la disputa por la medalla de bronce, empat\u00f3 0-0 ante Sophie Gimeno, de Estados Unidos, quien se alz\u00f3 con el triunfo por mejor iniciativa en el combate.<\/span><\/p>\n<p class=\"x_ydp2bd066e3MsoNoSpacing\"><b><span lang=\"ES-DO\">PESAS<\/span><\/b><\/p>\n<p class=\"x_ydp2bd066e3MsoNoSpacing\"><span lang=\"ES-DO\">El dominicano Jos\u00e9 Manuel Rodr\u00edguez ocup\u00f3 el sexto lugar en las competencias de pesas de la categor\u00eda menos 72 kilos.<\/span><\/p>\n<p class=\"x_ydp2bd066e3MsoNoSpacing\"><span lang=\"ES-DO\">Rodr\u00edguez complet\u00f3 el primer intento con 150 kilos, pero fall\u00f3 los siguientes dos con un peso de 155 kilogramos.<\/span><\/p>\n","protected":false},"excerpt":{"rendered":"<p>Con su triunfo, se convirti\u00f3 en el primer dominicano en ganar medalla en unos Parapanamericanos en parataekwondo.<\/p>\n","protected":false},"author":16,"featured_media":60143,"comment_status":"closed","ping_status":"closed","sticky":false,"template":"","format":"standard","meta":[],"categories":[2,60],"tags":[],"acf":[],"_links":{"self":[{"href":"https:\/\/colimdo.org\/wp-api\/wp\/v2\/posts\/60142"}],"collection":[{"href":"https:\/\/colimdo.org\/wp-api\/wp\/v2\/posts"}],"about":[{"href":"https:\/\/colimdo.org\/wp-api\/wp\/v2\/types\/post"}],"author":[{"embeddable":true,"href":"https:\/\/colimdo.org\/wp-api\/wp\/v2\/users\/16"}],"replies":[{"embeddable":true,"href":"https:\/\/colimdo.org\/wp-api\/wp\/v2\/comments?post=60142"}],"version-history":[{"count":2,"href":"https:\/\/colimdo.org\/wp-api\/wp\/v2\/posts\/60142\/revisions"}],"predecessor-version":[{"id":60166,"href":"https:\/\/colimdo.org\/wp-api\/wp\/v2\/posts\/60142\/revisions\/60166"}],"wp:featuredmedia":[{"embeddable":true,"href":"https:\/\/colimdo.org\/wp-api\/wp\/v2\/media\/60143"}],"wp:attachment":[{"href":"https:\/\/colimdo.org\/wp-api\/wp\/v2\/media?parent=60142"}],"wp:term":[{"taxonomy":"category","embeddable":true,"href":"https:\/\/colimdo.org\/wp-api\/wp\/v2\/categories?post=60142"},{"taxonomy":"post_tag","embeddable":true,"href":"https:\/\/colimdo.org\/wp-api\/wp\/v2\/tags?post=60142"}],"curies":[{"name":"wp","href":"https:\/\/api.w.org\/{rel}","templated":true}]}}