{"id":60148,"date":"2019-08-31T04:33:44","date_gmt":"2019-08-31T04:33:44","guid":{"rendered":"https:\/\/colimdo.org\/?p=60148"},"modified":"2019-08-31T04:32:27","modified_gmt":"2019-08-31T04:32:27","slug":"jose-bebo-hernandez-jugara-la-final-dobles-espana","status":"publish","type":"post","link":"https:\/\/colimdo.org\/noticias\/jose-bebo-hernandez-jugara-la-final-dobles-espana\/","title":{"rendered":"Jos\u00e9 -Bebo- Hern\u00e1ndez jugar\u00e1 la final de dobles en Espa\u00f1a"},"content":{"rendered":"<p>El dominicano Jos\u00e9 Hern\u00e1ndez jugar\u00e1 este s\u00e1bado por el t\u00edtulo de dobles del M25 Donostia-San-Sebasti\u00e1n formando equipo con el espa\u00f1ol Javier Barranco.<\/p>\n<p>El duo que conforma el dominicano Hern\u00e1ndez y el espa\u00f1ol Barranco enfrentar\u00e1 en la final al dueto de espa\u00f1oles compuesto por Esteve Lobato y Oriol Roca Batalla.<\/p>\n<p>El dominicano y su compa\u00f1ero espa\u00f1ol accedieron a la final luego de vencer este viernes a la dupla brasile\u00f1a conformada por\u00a0Orlando Luz y Rafael Matos en tres sets con resultados de 4-6, 6-4 y 10-5.<\/p>\n<p>Hern\u00e1ndez, actual numero 252 del ranking ATP,\u00a0 es la primera raqueta de la selecci\u00f3n nacional de la Rep\u00fablica Dominicana.<\/p>\n","protected":false},"excerpt":{"rendered":"<p>El duo que conforma el dominicano Hern\u00e1ndez y el espa\u00f1ol Barranco enfrentar\u00e1 en la final al dueto de espa\u00f1oles compuesto por Esteve Lobato y Oriol Roca Batalla.<\/p>\n","protected":false},"author":16,"featured_media":60149,"comment_status":"closed","ping_status":"closed","sticky":false,"template":"","format":"standard","meta":[],"categories":[2,60],"tags":[],"acf":[],"_links":{"self":[{"href":"https:\/\/colimdo.org\/wp-api\/wp\/v2\/posts\/60148"}],"collection":[{"href":"https:\/\/colimdo.org\/wp-api\/wp\/v2\/posts"}],"about":[{"href":"https:\/\/colimdo.org\/wp-api\/wp\/v2\/types\/post"}],"author":[{"embeddable":true,"href":"https:\/\/colimdo.org\/wp-api\/wp\/v2\/users\/16"}],"replies":[{"embeddable":true,"href":"https:\/\/colimdo.org\/wp-api\/wp\/v2\/comments?post=60148"}],"version-history":[{"count":2,"href":"https:\/\/colimdo.org\/wp-api\/wp\/v2\/posts\/60148\/revisions"}],"predecessor-version":[{"id":60151,"href":"https:\/\/colimdo.org\/wp-api\/wp\/v2\/posts\/60148\/revisions\/60151"}],"wp:featuredmedia":[{"embeddable":true,"href":"https:\/\/colimdo.org\/wp-api\/wp\/v2\/media\/60149"}],"wp:attachment":[{"href":"https:\/\/colimdo.org\/wp-api\/wp\/v2\/media?parent=60148"}],"wp:term":[{"taxonomy":"category","embeddable":true,"href":"https:\/\/colimdo.org\/wp-api\/wp\/v2\/categories?post=60148"},{"taxonomy":"post_tag","embeddable":true,"href":"https:\/\/colimdo.org\/wp-api\/wp\/v2\/tags?post=60148"}],"curies":[{"name":"wp","href":"https:\/\/api.w.org\/{rel}","templated":true}]}}