{"id":60163,"date":"2019-08-31T04:40:16","date_gmt":"2019-08-31T04:40:16","guid":{"rendered":"https:\/\/colimdo.org\/?p=60163"},"modified":"2019-08-31T04:40:16","modified_gmt":"2019-08-31T04:40:16","slug":"licey-deja-libertad-al-menor-anderson-hernandez","status":"publish","type":"post","link":"https:\/\/colimdo.org\/noticias\/licey-deja-libertad-al-menor-anderson-hernandez\/","title":{"rendered":"Licey deja en libertad al \u201cMenor\u201d Anderson Hern\u00e1ndez"},"content":{"rendered":"<p>SANTO DOMINGO.- Los Tigres del Licey dejaron en libertad al jugador del cuadro, Anderson Hern\u00e1ndez conocido junto a Erick Aybar y Emilio Bonifacio como \u201cLos Menores\u201d.<\/p>\n<p>La cuenta de los Tigres en la red social twitter informa que la decisi\u00f3n fue tomada por \u201cmutuo acuerdo\u201d.<\/p>\n<p>El jugador perteneci\u00f3 al conjunto desde el a\u00f1o 2002 cuando fue seleccionado en el draft de novatos y debut\u00f3 en la liga en 2004. Fue novato del a\u00f1o en la temporada 2005-06. Posee el r\u00e9cord de m\u00e1s dobles en una temporada con 20 en 2008-09. Jugador m\u00e1s valioso de las series finales de 2005-06 y 2008-09.<\/p>\n<p>En 15 temporadas con los Tigres acumul\u00f3 501 H, 9 HR, 181 RBI, 167 BB, y una l\u00ednea ofensiva de .270\/.331\/.353\/.684.<\/p>\n<p>El gerente general Junior Noboa, en nombre del conjunto azul, resalt\u00f3 la gran entrega y fervor con que Hern\u00e1ndez se entreg\u00f3 a fin ofrecer lo major de s\u00ed a beneficio de la alta nombrad\u00eda de que goza el equipo del b\u00e9isbol invernal dominicano y para el mejor disfrute de la ferviente fanaticada que lo sigue, la m\u00e1s grande del pa\u00eds.<\/p>\n<p>\u201cAgradecemos en toda su dimension los grandes aportes que ofreci\u00f3 Anderson Hern\u00e1ndez a la causa de los gloriosos Tigres del Licey y le deseamos lo mejor en los planes que emprenda\u201d, expres\u00f3 Noboa en un informe a trav\u00e9s de su web \u201cLicey.com\u201d hecho p\u00fablico este viernes 30 de agosto.<\/p>\n<p>\u201cLa oganizaci\u00f3n siempre se mantuvo en comunicaci\u00f3n con Anderson evaluando las diversas opciones y por acuerdo mutuo se decidi\u00f3 que quedara en libertad, para que \u00e9l continue desarrollando su planes dentro del b\u00e9isbol profesional\u201d, expres\u00f3 Noboa.<\/p>\n<p>\u201cAgradecemos los a\u00f1os de entrega total a nuestra organizaci\u00f3n. Las puertas de los Tigres del Licey siempre estar\u00e1n abiertas para Anderson y le deseamos la mejor de las suertes en el futuro\u201d, hab\u00eda se\u00f1alado el equipo en su cuenta de Twitter al informar sobre la decisi\u00f3n tomada.<\/p>\n","protected":false},"excerpt":{"rendered":"<p>El jugador perteneci\u00f3 al conjunto desde el a\u00f1o 2002 cuando fue seleccionado en el draft de novatos y debut\u00f3 en la liga en 2004. Fue novato del a\u00f1o en la temporada 2005-06. Posee el r\u00e9cord de m\u00e1s dobles en una temporada con 20 en 2008-09. Jugador m\u00e1s valioso de las series finales de 2005-06 y 2008-09.<\/p>\n","protected":false},"author":16,"featured_media":60164,"comment_status":"closed","ping_status":"closed","sticky":false,"template":"","format":"standard","meta":[],"categories":[2,60],"tags":[],"acf":[],"_links":{"self":[{"href":"https:\/\/colimdo.org\/wp-api\/wp\/v2\/posts\/60163"}],"collection":[{"href":"https:\/\/colimdo.org\/wp-api\/wp\/v2\/posts"}],"about":[{"href":"https:\/\/colimdo.org\/wp-api\/wp\/v2\/types\/post"}],"author":[{"embeddable":true,"href":"https:\/\/colimdo.org\/wp-api\/wp\/v2\/users\/16"}],"replies":[{"embeddable":true,"href":"https:\/\/colimdo.org\/wp-api\/wp\/v2\/comments?post=60163"}],"version-history":[{"count":1,"href":"https:\/\/colimdo.org\/wp-api\/wp\/v2\/posts\/60163\/revisions"}],"predecessor-version":[{"id":60165,"href":"https:\/\/colimdo.org\/wp-api\/wp\/v2\/posts\/60163\/revisions\/60165"}],"wp:featuredmedia":[{"embeddable":true,"href":"https:\/\/colimdo.org\/wp-api\/wp\/v2\/media\/60164"}],"wp:attachment":[{"href":"https:\/\/colimdo.org\/wp-api\/wp\/v2\/media?parent=60163"}],"wp:term":[{"taxonomy":"category","embeddable":true,"href":"https:\/\/colimdo.org\/wp-api\/wp\/v2\/categories?post=60163"},{"taxonomy":"post_tag","embeddable":true,"href":"https:\/\/colimdo.org\/wp-api\/wp\/v2\/tags?post=60163"}],"curies":[{"name":"wp","href":"https:\/\/api.w.org\/{rel}","templated":true}]}}