{"id":60170,"date":"2019-09-01T16:28:44","date_gmt":"2019-09-01T16:28:44","guid":{"rendered":"https:\/\/colimdo.org\/?p=60170"},"modified":"2019-09-01T16:28:44","modified_gmt":"2019-09-01T16:28:44","slug":"leclerc-logra-primera-victoria-f1-al-ganar-gran-premio-belgica","status":"publish","type":"post","link":"https:\/\/colimdo.org\/noticias\/leclerc-logra-primera-victoria-f1-al-ganar-gran-premio-belgica\/","title":{"rendered":"Leclerc logra su primera victoria en F1 al ganar el Gran Premio de B\u00e9lgica"},"content":{"rendered":"<p>EFE. El monegasco Charles Leclerc (Ferrari) logr\u00f3 este domingo su primera victoria desde que es piloto de F\u00f3rmula 1 al anotarse el Gran Premio de B\u00e9lgica, disputado en el circuito de Spa-Francorchamps. Tambi\u00e9n signific\u00f3 la primera del 2019 para el equipo Ferrari.<\/p>\n<p>Leclerc, de 21 a\u00f1os, firm\u00f3 el primer triunfo de Ferrari en lo que va de temporada al imponerse en la m\u00edtica pista belga por delante de los dos pilotos de Mercedes, el ingl\u00e9s Lewis Hamilton -que reforz\u00f3 su liderato en el Mundial- y el finland\u00e9s Valtteri Bottas, que concluy\u00f3 tercero una carrera que el mexicano Sergio P\u00e9rez (Racing Point) concluy\u00f3 sexto.<\/p>\n<p>El otro Ferrari, el del alem\u00e1n Sebastian Vettel, acab\u00f3 la carrera en cuarta posici\u00f3n, por delante del tailand\u00e9s Alexander Albon (Red Bull), cuyo compa\u00f1ero holand\u00e9s Max Verstappen tambi\u00e9n se retir\u00f3, tras accidentarse y sin consecuencias, en la primera de las 44 vueltas de la carrera.<\/p>\n<p>El ruso Daniil Kvyat (Toro Rosso) acab\u00f3 s\u00e9ptimo -justo por detr\u00e1s de &#8216;Checo&#8217;-, una carrera en la que el alem\u00e1n Nico H\u00fclkenberg (Renault) fue octavo.<\/p>\n<p>Tambi\u00e9n entraron en los puntos el franc\u00e9s Pierre Gasly (Toro Rosso) y el canadiense Lance Stroll (Racing Point), que concluyeron en novena y d\u00e9cima posici\u00f3n, respectivamente.<\/p>\n<p>Hamilton avanza firme hacia su sexto t\u00edtulo mundial y lidera ahora con 268 puntos, 65 m\u00e1s que su compa\u00f1ero Bottas y con 87 sobre Verstappen.<\/p>\n<p>El pr\u00f3ximo Gran Premio, el de Italia, se disputar\u00e1 el pr\u00f3ximo fin de semana en el circuito de Monza.<\/p>\n","protected":false},"excerpt":{"rendered":"<p>Leclerc, de 21 a\u00f1os, firm\u00f3 el primer triunfo de Ferrari en lo que va de temporada al imponerse en la m\u00edtica pista belga por delante de los dos pilotos de Mercedes, el ingl\u00e9s Lewis Hamilton -que reforz\u00f3 su liderato en el Mundial- y el finland\u00e9s Valtteri Bottas, que concluy\u00f3 tercero una carrera que el mexicano Sergio P\u00e9rez (Racing Point) concluy\u00f3 sexto.<\/p>\n","protected":false},"author":16,"featured_media":60171,"comment_status":"closed","ping_status":"closed","sticky":false,"template":"","format":"standard","meta":[],"categories":[2,60],"tags":[],"acf":[],"_links":{"self":[{"href":"https:\/\/colimdo.org\/wp-api\/wp\/v2\/posts\/60170"}],"collection":[{"href":"https:\/\/colimdo.org\/wp-api\/wp\/v2\/posts"}],"about":[{"href":"https:\/\/colimdo.org\/wp-api\/wp\/v2\/types\/post"}],"author":[{"embeddable":true,"href":"https:\/\/colimdo.org\/wp-api\/wp\/v2\/users\/16"}],"replies":[{"embeddable":true,"href":"https:\/\/colimdo.org\/wp-api\/wp\/v2\/comments?post=60170"}],"version-history":[{"count":1,"href":"https:\/\/colimdo.org\/wp-api\/wp\/v2\/posts\/60170\/revisions"}],"predecessor-version":[{"id":60172,"href":"https:\/\/colimdo.org\/wp-api\/wp\/v2\/posts\/60170\/revisions\/60172"}],"wp:featuredmedia":[{"embeddable":true,"href":"https:\/\/colimdo.org\/wp-api\/wp\/v2\/media\/60171"}],"wp:attachment":[{"href":"https:\/\/colimdo.org\/wp-api\/wp\/v2\/media?parent=60170"}],"wp:term":[{"taxonomy":"category","embeddable":true,"href":"https:\/\/colimdo.org\/wp-api\/wp\/v2\/categories?post=60170"},{"taxonomy":"post_tag","embeddable":true,"href":"https:\/\/colimdo.org\/wp-api\/wp\/v2\/tags?post=60170"}],"curies":[{"name":"wp","href":"https:\/\/api.w.org\/{rel}","templated":true}]}}