{"id":60184,"date":"2019-09-01T20:48:09","date_gmt":"2019-09-01T20:48:09","guid":{"rendered":"https:\/\/colimdo.org\/?p=60184"},"modified":"2019-09-01T20:48:09","modified_gmt":"2019-09-01T20:48:09","slug":"la-romana-eleva-heroes-deportivos-la-inmortalidad-septimo-ceremonial","status":"publish","type":"post","link":"https:\/\/colimdo.org\/noticias\/la-romana-eleva-heroes-deportivos-la-inmortalidad-septimo-ceremonial\/","title":{"rendered":"La Romana eleva a sus h\u00e9roes deportivos a la inmortalidad en el S\u00e9ptimo Ceremonial"},"content":{"rendered":"<p>LA ROMANA. El Sal\u00f3n de la Fama del Deportista Romanense premi\u00f3 este domingo la trayectoria y los aportes hechos por ciudadanos ejemplares al desarrollo deportivo provincial, regional y nacional.<\/p>\n<p>La instituci\u00f3n introdujo como inmortales a Julio Cabrera, otrora gloria del baloncesto; Pedro Saiz, medallista de boxeo en Juegos Centroamericanos y Caribe; los ex peloteros Domingo Michel y Juli\u00e1n Yan; Ricardo Torres, en voleibol; la ex softbolista Dora Thomas, Alexis Ubiera S\u00e1nchez, ex atleta en tenis de campo; Samuel R. Thomas, en b\u00e9isbol aficionado; as\u00ed como los propulsores Ervido Creales, en su calidad de atleta y dirigente; Carlos Morales Troncoso; Apolinario Cruz S\u00e1nchez, pionero del voleibol en esta ciudad y el m\u00e1s grande narrador de carreras de caballos, Sim\u00f3n Alfonso Pemberton.<\/p>\n<p>Durante un emotivo acto como parte del S\u00e9ptimo Ceremonial de Exaltaci\u00f3n que se realiza cada dos a\u00f1os, el Sal\u00f3n de la Fama llen\u00f3 de gloria definitiva a los 12 nuevos inmortales que pusieron a prueba su talento en el plano nacional e internacional y otros como grandes organizadores o mecenas del deporte local, en el plano local, nacional o internacional.<\/p>\n<p>La exaltaci\u00f3n se celebr\u00f3 en un concurrido acto celebrado en el sal\u00f3n principal de la Alianza Juvenil para el Deporte y la Cultura de aqu\u00ed, presidido por el doctor Jos\u00e9 Reyes, presidente del Sal\u00f3n de la Fama del Deportista Romanense y el Presidente de Honor del Ceremonial, empresario Federico F\u00e9lix.<\/p>\n<p>Como patrocinadores del Ceremonial est\u00e1n la Alcald\u00eda Municipal de La Romana, Alcald\u00eda Municipal de Guaymate, Alcald\u00eda Municipal de Villa Hermosa, Distrito Municipal de Caleta, Distrito Municipal KM -10 Cumayasa, Central Romana, ARS Palic, Casa de Campo, BanReservas, Brugal &amp; Cia, Productos Higueral, L&amp;R Comercial y Toros del Este.<\/p>\n<p>La emotividad caracteriz\u00f3 el Ceremonial, al que asistieron los presidentes del Comit\u00e9 Ol\u00edmpico Dominicano y del Pabell\u00f3n de la Fama del Deporte Dominicano, Luis\u00edn Mej\u00eda y Dionisio Guzm\u00e1n; la senadora y el gobernador provincial, Amarilis Santana y Teodoro Ursino Reyes, as\u00ed como Ram\u00f3n Cuello, presidente de la Asociaci\u00f3n de Cronistas Deportivos de Santo Domingo (ACD).<\/p>\n<p>La parte m\u00e1s emotiva la pusieron Cabrera, el primer llamado para ser exaltado y Alexis Ubiera S\u00e1nchez, quienes no pudieron contener la emoci\u00f3n desde que iniciaron el recorrido hasta la tarima de exaltaci\u00f3n.<\/p>\n<p>Sin embargo, el Ceremonial tuvo su m\u00e1ximo esplendor cuando Sim\u00f3n Alfonso Pemberton fue citado para su exaltaci\u00f3n, provocando un estruendoso aplauso que se prolong\u00f3 por un buen rato y que cerr\u00f3 despu\u00e9s de realizar la magistral narraci\u00f3n de una carrera de caballos, ante el pedido por aclamaci\u00f3n de la concurrencia.<\/p>\n<p>Durante el acto, conducido por Manuel de Jes\u00fas e Hilda Peguero, se rindi\u00f3 un minuto de silencio por la memoria de los fallecidos basquetbolistas Franchy Prats, Antonio -Chico- Sibilio y el profesor Nelly Manuel Do\u00f1\u00e9.<\/p>\n<p>Adem\u00e1s, fueron reconocidos el veterano cronista deportivo Rafael Torres y Jean Girardi, miembro fundador y ex directivo del Sal\u00f3n de la Fama del Deporte Romanense, respectivamente.<\/p>\n<p>Pedro Saiz fue un medallista de Juegos Centroamericanos, campe\u00f3n varias veces en eventos regionales de su propio deporte y aspirante a un t\u00edtulo universal del peso welter junior (139 libras) del Consejo Mundial de Boxeo.<\/p>\n<p>Naci\u00f3 en La Romana el 30 de noviembre de 1964. Comenz\u00f3 a practicar boxeo en el a\u00f1o de 1984 inspirado por las peleas del paname\u00f1o Roberto \u201cMano de Piedra\u201d Dur\u00e1n, recibiendo instrucciones de los entrenadores Juan Jim\u00e9nez, Gabriel P\u00e9rez y V\u00edctor Pascual, desarrollando una carrera en el boxeo aficionado que lo llev\u00f3 a la selecci\u00f3n nacional en el a\u00f1o de 1985, donde permaneci\u00f3 hasta 1990 compilando r\u00e9cord de 117 victorias y 17 derrotas.<\/p>\n<p>Entre sus logros en aficionado cuenta con tres medallas de oro en Juegos Nacionales de Moca 86 y San Crist\u00f3bal 87, cinco veces campe\u00f3n de la Copa Independencia y medallista de plata en los Juegos Centroamericanos y del Caribe \u201cSantiago 86\u201d, adem\u00e1s medalla de oro en la Copa Cheo Aponte de Puerto Rico.<\/p>\n<p>Registro buenas actuaciones en los Juegos Panamericanos de Indian\u00e1polis en 1987 y participo en los Juegos Ol\u00edmpicos de Se\u00fal en 1988. Luego paso al boxeo profesional, donde compil\u00f3 marca de 28-9-3, llegando a pelear por un t\u00edtulo mundial en 1999 y ganando a su vez los t\u00edtulos de campe\u00f3n de New York y Long Island.<\/p>\n<p>Domingo Michel entra a la historia del b\u00e9isbol profesional cuando se convirti\u00f3 en el primero y \u00fanico jugador en ganar la triple corona de bateo, alcanzando la haza\u00f1a en la temporada 1988-1989, con promedio de bateo de .310, 9 cuadrangulares y 36 carreras impulsadas.<\/p>\n<p>El oriundo del municipio de Guaymate, en principio fue un atleta de campo y pista que se destac\u00f3 en 100 y 200 metros planos, tanto en competencias locales y nacionales. En el a\u00f1o 1981 se dedic\u00f3 a jugar b\u00e9isbol con el equipo Papagayo, llegando a integrar la selecci\u00f3n de la Regi\u00f3n Este en los Juegos Nacionales San Pedro 83, donde monto un espect\u00e1culo ofensivo, lo que vali\u00f3 para ser firmado al profesionalismo al ser reclutado por Elvio Jim\u00e9nez y Rafael \u00c1vila, para los Dodgers de Los Angeles.<\/p>\n<p>Jug\u00f3 seis temporadas con los Tigres del Licey, contribuyendo a la corona ganada por los felinos en la estaci\u00f3n 1990-1991. Adem\u00e1s, accion\u00f3 en seis campa\u00f1as con los Azucareros -Toros- del Este, siendo integrante del equipo cuando ganaron su primer campeonato en 1994-1995 y como coach de primera base en la segunda corona en la temporada 2010-2011.<\/p>\n<p>&nbsp;<\/p>\n<p>Juli\u00e1n Yan fue firmado para el profesionalismo por el fallecido escucha Epifanio Guerrero. Inici\u00f3 su carrera con los Caimanes del Sur y luego lleg\u00f3 a los Azucareros del Este, donde de inmediato se convirti\u00f3 en uno de sus mejores jugadores tanto a la ofensiva como en la defensa, gan\u00e1ndose el apodo de \u201cLa Escoba Humana\u201d.<\/p>\n<p>&nbsp;<\/p>\n<p>Yan fue escogido Jugador M\u00e1s Valioso en la serie final del primer campeonato que ganaron los Toros del Este en la temporada 1994-1995, y luego en la segunda corona obtenida por el colectivo romanense en la estaci\u00f3n 2010-2011, fungi\u00f3 como asistente del dirigente Dean Treanor.<\/p>\n<p>&nbsp;<\/p>\n<p>Hasta el momento es el l\u00edder en cuadrangulares de la franquicia taurina con 31 y ocupa el puesto n\u00famero 11 en el listado de todos los tiempos en la pelota local con 44 batazos de vuelta completa. Yan, aunque no pudo establecerse a nivel de grandes ligas, fue un azote en los circuitos minoritarios, en las ligas de M\u00e9xico, Korea, donde conjuntamente con la liga dominicana computa m\u00e1s de 400 jonrones, m\u00e1s de 1,300 carreras remolcadas, m\u00e1s de 1,000 anotadas y m\u00e1s de 2,000 hits.<\/p>\n<p>&nbsp;<\/p>\n<p>Julio \u201cKik\u00edn\u201d Cabrera, considerado el baloncelista m\u00e1s dominante en los torneos superiores de La Romana, es otro que recibir\u00e1 la gloria deportiva. En sus actuaciones como atleta en el basket local jug\u00f3 en 12 finales, obteniendo 10 campeonatos, 8 con el Club Ramon Marrero Aristy, 1 con el M\u00e1ximo G\u00f3mez y 1 con la Tribu de Quisqueya.<\/p>\n<p>Cabrera pase\u00f3 su calidad por el torneo del Distrito Nacional, adem\u00e1s de reforzar en la mayor\u00eda de los cert\u00e1menes superiores del pa\u00eds. En el a\u00f1o 1988 integra el seleccionado nacional juvenil en diferentes eventos internacionales. Fuera del pa\u00eds tuvo la oportunidad de accionar como jugador en Puerto Rico y Portugal.<\/p>\n<p>La inmortalidad deportiva le llegar\u00e1 tambi\u00e9n al ingeniero Creales (Ervidito), antiguo atleta destacado en el deporte romanense y nacional en b\u00e9isbol, baloncesto y voleibol, adem\u00e1s de dirigente deportivo y propulsor sobre todo en la creaci\u00f3n de los primeros equipos de softbol femenino en su natal La Romana.<\/p>\n<p>Sim\u00f3n Alfonso Pemberton, nacido en el sector de Buena Vista de esta ciudad, adem\u00e1s de haber practicado b\u00e9isbol, se inclin\u00f3 por la h\u00edpica al visitar en una ocasi\u00f3n el Hip\u00f3dromo Perla Antillana en el a\u00f1o de 1946. Inici\u00f3 su carrera como locutor, cronista deportivo y narrador en el a\u00f1o 1957, escribiendo a partir de ah\u00ed una gloriosa carrera como narrador h\u00edpico con la frase ic\u00f3nica en toda la naci\u00f3n \u201cA Correr Fan\u00e1ticos\u201d.<\/p>\n<p>Sim\u00f3n Alfonso, entre tantas distinciones, condecoraciones y logros obtenidos en su carrera, destaca el haber sido declarado narrador h\u00edpico del Siglo XX por el club de la prensa h\u00edpica.<\/p>\n<p>Alexis Ubiera inici\u00f3 a temprana edad la pr\u00e1ctica de tenis en las canchas de la terraza en el Hotel Casa de Campo, participando en su primer Torneo Nacional a la edad de 8 a\u00f1os.<\/p>\n<p>Fue campe\u00f3n nacional en sencillos en las categor\u00edas de 10, 12, 14, 16 y 18 a\u00f1os, a nivel internacional represento al pa\u00eds en el Torneo Mundial en Caracas, Venezuela, obtuvo el tercer lugar.<\/p>\n<p>Es el \u00fanico romanense y uno de los pocos dominicanos en jugar en la Copa Davis, con tan s\u00f3lo 19 a\u00f1os de edad. En la actualidad se desempe\u00f1a como profesor de tenis en varias ciudades norteamericanas.<\/p>\n<p>Dora Thomas Santana procede de una familia de deportistas romanenses. Su padre Raymundo Thomas fue un gran jugador de b\u00e9isbol del equipo Papagayo y su hermano menor, Guillermo Thomas se destac\u00f3 en b\u00e9isbol y fue selecci\u00f3n nacional de softbol.<\/p>\n<p>&nbsp;<\/p>\n<p>Dora empez\u00f3 a practicar softbol a la edad de 15 a\u00f1os, mostrando de una vez habilidades en el manejo del bate, como cuarto en el orden de bateo y defendiendo la primera base. Fue la primera mujer y posiblemente la \u00fanica en sacar la pelota por el jard\u00edn central en el estadio Issa Zorob. Fue selecci\u00f3n de la Regi\u00f3n Este y la Selecci\u00f3n Nacional, representando al pa\u00eds en la d\u00e9cada de los a\u00f1os sesenta.<\/p>\n<p>&nbsp;<\/p>\n<p>Ricardo Alfredo Torres Encarnaci\u00f3n inicio su vida de atleta en el voleibol, destac\u00e1ndose en los eventos escolares en representaci\u00f3n del Colegio Santa Rosa De Lima.<\/p>\n<p>&nbsp;<\/p>\n<p>En torneos locales, provinciales y regionales ense\u00f1\u00f3 su condici\u00f3n de potente rematador, lo que le llev\u00f3 a jugar en los torneos del Distrito Nacional con el club Los Prados y en eventos interuniversitarios con la Universidad Pedro Henr\u00edquez Ure\u00f1a, donde se gradu\u00f3 de ingeniero en sistemas.<\/p>\n<p>&nbsp;<\/p>\n<p>Particip\u00f3 de manera destacada en la selecci\u00f3n de voleibol de la Regi\u00f3n Este, en los Juegos Deportivos Nacionales San Pedro 1983 y con la Selecci\u00f3n Nacional en el Torneo Norceca Juvenil 1984 celebrado en Nicaragua, como sexteto del equipo, obteniendo medalla de bronce. En el a\u00f1o 1986 de nuevo participa en un Torneo Norceca, esta vez en San Juan Puerto Rico, donde el pa\u00eds ocupo el cuarto lugar y Torres fue seleccionado en el equipo \u201cTodos Estrellas\u201d de la justa.<\/p>\n<p>&nbsp;<\/p>\n<p>Apolinario Cruz S\u00e1nchez, aunque nace en Puerto Rico, llega a La Romana a principio del a\u00f1o 1921 en calidad de pastor de la Iglesia Evang\u00e9lica Dominicana, destac\u00e1ndose como un gran activista social a tal punto de incentivar a los j\u00f3venes de esos tiempos a la pr\u00e1ctica deportiva.<\/p>\n<p>Bajo su direcci\u00f3n se construy\u00f3 la primera cancha de voleibol en la comunidad que dio paso a la celebraci\u00f3n de los primeros partidos y por ende iniciando la cosecha de los primeros voleibolistas romanenses. En el a\u00f1o 1930, producto del auge de este deporte entre la juventud de la \u00e9poca, se realiza la primera serie organizada por Don Apolo, como se conoc\u00eda al se\u00f1or Apolinario Cruz, el pionero del voleibol en La Romana.<\/p>\n<p>Ervido Creales, un reputado ingeniero civil, fue designado a principios de los a\u00f1os setenta en la oficina t\u00e9cnica para las construcciones de las instalaciones del Centro Ol\u00edmpico Juan Pablo Duarte, tales como, el Pabell\u00f3n de Voleibol y el de Gimnasia, entre otras obras deportivas. En lo que concierne a su labor como dirigente deportivo, ingreso en el a\u00f1o 1975 como miembro del Comit\u00e9 Ejecutivo de la Federaci\u00f3n de Voleibol, llegando a ser su presidente en tres periodos consecutivos a partir del 1980.<\/p>\n<p>&nbsp;<\/p>\n<p>Ocup\u00f3 puestos en organismos internacionales del voleibol y fue co-secretario del Comit\u00e9 Ol\u00edmpico Dominicano en el cuatrienio 1982-1986.<\/p>\n<p>Samuel Raymundo Thomas, nacido en el a\u00f1o 1915, un legendario jugador de b\u00e9isbol amateur, pionero entre los fundadores del famoso equipo Papagayo.<\/p>\n<p>Thomas pod\u00eda desempe\u00f1arse en la tercera, segunda y primera base, adem\u00e1s de accionar en los jardines y como lanzador. Tuvo como compa\u00f1eros a figuras relevantes como Rafael Santana (Buenas Noches), Calford Wells y Loro Escalante. Entre las haza\u00f1as que se cuentan de Samuel Thomas, esta haber realizado el primer triple play en el estadio Buena Vista Park, con una sola asistencia.<\/p>\n<p>&nbsp;<\/p>\n<p>Carlos Alfredo Miguel Morales Troncoso, ingeniero qu\u00edmico graduado en la Universidad Estatal de Luisiana en los Estados Unidos, fue un gran propulsor de los deportes, contribuyendo a su auge en la provincia de La Romana y el pa\u00eds, sobre todo al softbol, boxeo, golf y tenis de campo, a trav\u00e9s de sus funciones en la empresa Central Romana Corporaci\u00f3n, siendo adem\u00e1s parte importante en la obtenci\u00f3n de la franquicia de los Azucareros del Este.<\/p>\n<p>&nbsp;<\/p>\n<p>Ocupo diversas funciones privadas y p\u00fablicas, entre las que se destacan su condici\u00f3n de Vicepresidente de la Rep\u00fablica. Fue presidente del Central Romana, director del Consejo Estatal del Az\u00facar (CEA), embajador ante los Estados Unidos, adem\u00e1s de Canciller de la Rep\u00fablica.<\/p>\n<p>&nbsp;<\/p>\n","protected":false},"excerpt":{"rendered":"<p>Exalta a Yan, Michel, Cabrera, Thomas (Dora y Raymundo), Creales, Cruz, Ubiera, Torres, Morales Troncoso, Saiz y Sim\u00f3n Alfonso Pemberton.<\/p>\n","protected":false},"author":16,"featured_media":60185,"comment_status":"closed","ping_status":"closed","sticky":false,"template":"","format":"standard","meta":[],"categories":[2,60],"tags":[],"acf":[],"_links":{"self":[{"href":"https:\/\/colimdo.org\/wp-api\/wp\/v2\/posts\/60184"}],"collection":[{"href":"https:\/\/colimdo.org\/wp-api\/wp\/v2\/posts"}],"about":[{"href":"https:\/\/colimdo.org\/wp-api\/wp\/v2\/types\/post"}],"author":[{"embeddable":true,"href":"https:\/\/colimdo.org\/wp-api\/wp\/v2\/users\/16"}],"replies":[{"embeddable":true,"href":"https:\/\/colimdo.org\/wp-api\/wp\/v2\/comments?post=60184"}],"version-history":[{"count":1,"href":"https:\/\/colimdo.org\/wp-api\/wp\/v2\/posts\/60184\/revisions"}],"predecessor-version":[{"id":60186,"href":"https:\/\/colimdo.org\/wp-api\/wp\/v2\/posts\/60184\/revisions\/60186"}],"wp:featuredmedia":[{"embeddable":true,"href":"https:\/\/colimdo.org\/wp-api\/wp\/v2\/media\/60185"}],"wp:attachment":[{"href":"https:\/\/colimdo.org\/wp-api\/wp\/v2\/media?parent=60184"}],"wp:term":[{"taxonomy":"category","embeddable":true,"href":"https:\/\/colimdo.org\/wp-api\/wp\/v2\/categories?post=60184"},{"taxonomy":"post_tag","embeddable":true,"href":"https:\/\/colimdo.org\/wp-api\/wp\/v2\/tags?post=60184"}],"curies":[{"name":"wp","href":"https:\/\/api.w.org\/{rel}","templated":true}]}}