{"id":60199,"date":"2019-09-01T23:48:53","date_gmt":"2019-09-01T23:48:53","guid":{"rendered":"https:\/\/colimdo.org\/?p=60199"},"modified":"2019-09-01T23:48:53","modified_gmt":"2019-09-01T23:48:53","slug":"xavier-dupree-esta-rd-jugar-leones-santo-domingo","status":"publish","type":"post","link":"https:\/\/colimdo.org\/noticias\/xavier-dupree-esta-rd-jugar-leones-santo-domingo\/","title":{"rendered":"Xavier Dupree est\u00e1 en RD para jugar con Leones de Santo Domingo"},"content":{"rendered":"<p>SANTO DOMINGO.- Los Leones de Santo Domingo contrataron al delantero-centro Xavier Dupree, quien ya se encuentra en el pa\u00eds para disputar la temporada 2019 de la Liga Nacional de Baloncesto (LNB).<\/p>\n<p>Dupree, de 25 a\u00f1os, jug\u00f3 recientemente (2018-19) en el equipo Sanpaense de la Proliga de Portugal, donde logr\u00f3 10.7 en anotaci\u00f3n, 8.3 rebotes, 54.4 por ciento de campo y 73.5 por ciento desde la l\u00ednea de libres en 14 partidos en los que promedi\u00f3 30.6 minutos por juego.<\/p>\n<p>Asimismo, el nativo de Houston tambi\u00e9n particip\u00f3 (2018-19) con el conjunto PEA de la TBL de Tailandia, elevando 14.2 sus tantos por juego, 13.3 rebotes, 48 por ciento de campo y 77.3 en tiros libres durante 10 juegos y 37.3 minutos.<\/p>\n<p>\u201cConfiamos en su talento y versatilidad. Su juventud e intensidad en ambos costados de la cancha nos permitir\u00e1 utilizarlo en diferentes formas\u201d, dijo el gerente de Operaciones Rafael Faneyte.<\/p>\n<p>\u201cSer\u00e1 un jugador atractivo para ir a verle a la cancha y estamos seguros de que se acoplar\u00e1 satisfactoriamente al grupo y demostrar todo su potencial\u201d, agreg\u00f3.<\/p>\n<p>Dupree, de 6\u20199 de estatura y 209 libras, es un producto de la Universidad de Houston de la Divisi\u00f3n I de la NCAA, donde se combin\u00f3 para 39 compromisos durante las campa\u00f1as 2015-16 y 2016-17.<\/p>\n<p>El jugador arrib\u00f3 a Santo Domingo el pasado viernes y de inmediato jugar\u00e1 este lunes en el amistoso que tendr\u00e1n los escarlatas contra los Ca\u00f1eros del Este a las 12:00 del medio d\u00eda en el Polideportivo Eleoncio Mercedes.<\/p>\n<p>&nbsp;<\/p>\n<p>Los Leones inaugurar\u00e1n su temporada este 4 de septiembre con una visita a los Indios de San Francisco de Macor\u00eds en el Polideportivo Mario Ortega.<\/p>\n<p>&nbsp;<\/p>\n","protected":false},"excerpt":{"rendered":"<p>Es el primer refuerzo anunciado por los melenudos para la temporada 2019 de la LNB.<\/p>\n","protected":false},"author":16,"featured_media":60200,"comment_status":"closed","ping_status":"closed","sticky":false,"template":"","format":"standard","meta":[],"categories":[2,60],"tags":[],"acf":[],"_links":{"self":[{"href":"https:\/\/colimdo.org\/wp-api\/wp\/v2\/posts\/60199"}],"collection":[{"href":"https:\/\/colimdo.org\/wp-api\/wp\/v2\/posts"}],"about":[{"href":"https:\/\/colimdo.org\/wp-api\/wp\/v2\/types\/post"}],"author":[{"embeddable":true,"href":"https:\/\/colimdo.org\/wp-api\/wp\/v2\/users\/16"}],"replies":[{"embeddable":true,"href":"https:\/\/colimdo.org\/wp-api\/wp\/v2\/comments?post=60199"}],"version-history":[{"count":1,"href":"https:\/\/colimdo.org\/wp-api\/wp\/v2\/posts\/60199\/revisions"}],"predecessor-version":[{"id":60201,"href":"https:\/\/colimdo.org\/wp-api\/wp\/v2\/posts\/60199\/revisions\/60201"}],"wp:featuredmedia":[{"embeddable":true,"href":"https:\/\/colimdo.org\/wp-api\/wp\/v2\/media\/60200"}],"wp:attachment":[{"href":"https:\/\/colimdo.org\/wp-api\/wp\/v2\/media?parent=60199"}],"wp:term":[{"taxonomy":"category","embeddable":true,"href":"https:\/\/colimdo.org\/wp-api\/wp\/v2\/categories?post=60199"},{"taxonomy":"post_tag","embeddable":true,"href":"https:\/\/colimdo.org\/wp-api\/wp\/v2\/tags?post=60199"}],"curies":[{"name":"wp","href":"https:\/\/api.w.org\/{rel}","templated":true}]}}