{"id":60205,"date":"2019-09-02T01:10:05","date_gmt":"2019-09-02T01:10:05","guid":{"rendered":"https:\/\/colimdo.org\/?p=60205"},"modified":"2019-09-02T03:29:54","modified_gmt":"2019-09-02T03:29:54","slug":"jose-frank-rodriguez-logro-quinta-medalla-rd-juego-parapanamericanos","status":"publish","type":"post","link":"https:\/\/colimdo.org\/noticias\/jose-frank-rodriguez-logro-quinta-medalla-rd-juego-parapanamericanos\/","title":{"rendered":"Jos\u00e9 Frank Rodr\u00edguez logr\u00f3 quinta medalla para RD en Juegos Parapanamericanos"},"content":{"rendered":"<p>LIMA, PER\u00da.- El atleta Jos\u00e9 Frank Rodr\u00edguez, termin\u00f3 en tercer lugar de la carrera de ruta de ciclismo que cerr\u00f3 la participaci\u00f3n de la delegaci\u00f3n de Rep\u00fablica Dominicana de los Juegos Parapanamericanos con la medalla de bronce y la quinta del pa\u00eds en el certamen multideportivo m\u00e1s importante del continente.<\/p>\n<p>De esta manera el pa\u00eds concluye el certamen con tres platas y dos bronce, asegurando el lugar 17.<\/p>\n<p>\u201cLos Paral\u00edmpico de Rep\u00fablica Dominicana hemos cumplido con calma, pero con entusiasmo en los VI Juegos Para Panamericanos, Lima 2019 donde obtuvimos cinco medallas, tres de plata y dos bronce\u201d.<\/p>\n<p>La consideraci\u00f3n fue hecha por Eladio Agramonte, Jefe de Misi\u00f3n, quien se siente honrado con la actuaci\u00f3n de los 17 atletas que representaron la naci\u00f3n, de los cuales cuatro subieron al p\u00f3dium.<\/p>\n<p>\u201cEste progreso solo lo detiene Dios, hemos desafiado muchas adversidades para obtener este logro\u201d, indic\u00f3 Agramonte.<\/p>\n<p>\u201cHemos sobrepasado las expectativas y tambi\u00e9n los Juegos de Guadalajara 2011, donde ganamos dos medallas, una plata y un bronce y Toronto, 2015, una presea de bronce\u201d<\/p>\n<p>Agramonte enfatiz\u00f3 que \u201cHemos trabajado enormemente para \u00e9ste \u00e9xito que debi\u00f3 ser mejor, pero circunstancias adversas que no vienen al caso, nos lo impidieron\u201d<\/p>\n<p>Los dominicanos que subieron al p\u00f3dium fueron Nathanael S\u00e1nchez Trinidad, Alejandra Aybar, Gerardo Castro y Jos\u00e9 Frank Rodr\u00edguez.<\/p>\n<p>Pr\u00f3xima cita<\/p>\n<p>Ahora, los atletas especiales dominicanos se enfocar\u00e1n en su preparaci\u00f3n para el clasificatorio Paral\u00edmpico que ser\u00e1 realizado en Costa Rica, en marzo, con miras a Tokio 2020.<\/p>\n<p>La delegaci\u00f3n dominicana a los Juegos Para estuvo compuesta de 37 personas, entre dirigentes, delegados, t\u00e9cnicos, personal de apoyo y 17 atletas.<\/p>\n<p>En los VI Juegos Para Panamericanos, Lima 2019, participaron 33 pa\u00edses en 420 eventos, 17 deportes con 1,890 atletas y se disputaron desde el 23 de agosto al domingo primero de septiembre.<\/p>\n","protected":false},"excerpt":{"rendered":"<p>De esta manera el pa\u00eds concluye el certamen con tres platas y dos bronce, asegurando el lugar 17 del medallero general.<\/p>\n","protected":false},"author":16,"featured_media":60206,"comment_status":"closed","ping_status":"closed","sticky":false,"template":"","format":"standard","meta":[],"categories":[2,60],"tags":[],"acf":[],"_links":{"self":[{"href":"https:\/\/colimdo.org\/wp-api\/wp\/v2\/posts\/60205"}],"collection":[{"href":"https:\/\/colimdo.org\/wp-api\/wp\/v2\/posts"}],"about":[{"href":"https:\/\/colimdo.org\/wp-api\/wp\/v2\/types\/post"}],"author":[{"embeddable":true,"href":"https:\/\/colimdo.org\/wp-api\/wp\/v2\/users\/16"}],"replies":[{"embeddable":true,"href":"https:\/\/colimdo.org\/wp-api\/wp\/v2\/comments?post=60205"}],"version-history":[{"count":2,"href":"https:\/\/colimdo.org\/wp-api\/wp\/v2\/posts\/60205\/revisions"}],"predecessor-version":[{"id":60208,"href":"https:\/\/colimdo.org\/wp-api\/wp\/v2\/posts\/60205\/revisions\/60208"}],"wp:featuredmedia":[{"embeddable":true,"href":"https:\/\/colimdo.org\/wp-api\/wp\/v2\/media\/60206"}],"wp:attachment":[{"href":"https:\/\/colimdo.org\/wp-api\/wp\/v2\/media?parent=60205"}],"wp:term":[{"taxonomy":"category","embeddable":true,"href":"https:\/\/colimdo.org\/wp-api\/wp\/v2\/categories?post=60205"},{"taxonomy":"post_tag","embeddable":true,"href":"https:\/\/colimdo.org\/wp-api\/wp\/v2\/tags?post=60205"}],"curies":[{"name":"wp","href":"https:\/\/api.w.org\/{rel}","templated":true}]}}