{"id":60225,"date":"2019-09-02T19:13:58","date_gmt":"2019-09-02T19:13:58","guid":{"rendered":"https:\/\/colimdo.org\/?p=60225"},"modified":"2019-09-02T19:18:32","modified_gmt":"2019-09-02T19:18:32","slug":"cod-otorga-unidad-transporte-la-direccion-tecnica-del-organismo","status":"publish","type":"post","link":"https:\/\/colimdo.org\/noticias\/cod-otorga-unidad-transporte-la-direccion-tecnica-del-organismo\/","title":{"rendered":"COD otorga unidad de transporte a la direcci\u00f3n t\u00e9cnica del organismo"},"content":{"rendered":"<p><strong>SANTO DOMINGO, JORGE LUIS TORRES.-\u00a0<\/strong>El presidente del Comit\u00e9 Ol\u00edmpico Dominicano, Luis Mej\u00eda Oviedo, sostuvo una reuni\u00f3n con la direcci\u00f3n t\u00e9cnica del COD y parte del Comit\u00e9 Ejecutivo del Comit\u00e9 Ol\u00edmpico Dominicano, para informar que la movilidad de la unidad t\u00e9cnica del organismo est\u00e1 asegurada gracias a un veh\u00edculo de transporte otorgado a los mismos.<\/p>\n<p>Mej\u00eda Oviedo asegur\u00f3 que estos son unas de las partes m\u00e1s importantes para el movimiento ol\u00edmpico, de manera que, el trabajo ser\u00e1 m\u00e1s eficiente y hacedero con el transporte firme.<\/p>\n<p>&#8220;Ustedes son la columna vertebral que sostiene parte del movimiento ol\u00edmpico, esta unidad m\u00f3vil es para ustedes, para que puedan realizar su trabajo con condici\u00f3n&#8221;, expres\u00f3 el miembro COI.<\/p>\n<p>En ese mismo orden, el director de la direcci\u00f3n t\u00e9cnica del Comit\u00e9 Ol\u00edmpico Dominicano, Juan Antonio Febles, dijo\u00a0 sentirse agradecido por el espaldarazo brindado al departamento de t\u00e9cnica del COD.<\/p>\n<p>&#8220;Sin dudas se est\u00e1 dando un tremendo apoyo a lo que es el \u00e1rea t\u00e9cnica del Comit\u00e9 Ol\u00edmpico Dominicano y a partir de ahora la movilidad de cada uno de los t\u00e9cnicos estar\u00e1 asegurada con lo que ha sido una unidad motorizada para nuestros t\u00e9cnicos con su trabajo con las federaciones&#8221;, coment\u00f3 Juan A. Febles.<\/p>\n<p>El mismo explic\u00f3 que este transporte tiene un valor m\u00e1s significativo para el cautivo de esas federaciones que est\u00e1n fuera de la ciudad.<\/p>\n<p>&#8220;Ahora vamos a poder estar en lo que son los momentos reales, junto al desenvolvimiento de las federaciones a nivel nacional, ya que para mencionar un ejemplo, Remo y Canotaje no se encuentra en\u00a0 Santo Domingo y para poder darle asistencia tenemos que trasladarnos a la provincia de Bonao lo cual es un poco dif\u00edcil para nosotros cuando tenemos otros deberes aqu\u00ed, pero con esta adquisici\u00f3n otorgada por el COD, sin dudas nuestro trabajo ser\u00e1 mucho m\u00e1s eficaz&#8221;, adujo.<\/p>\n<p>El m\u00f3vil es un Ford econoline E-350 XL Wagon, con una capacidad de hasta 16 pasajeros.<\/p>\n<p>&nbsp;<\/p>\n<p>&nbsp;<\/p>\n","protected":false},"excerpt":{"rendered":"<p>El m\u00f3vil es un Ford econoline E-350 XL Wagon con una capacidad de hasta 16 pasajeros.\u00a0\u00a0<\/p>\n","protected":false},"author":19,"featured_media":60228,"comment_status":"closed","ping_status":"closed","sticky":false,"template":"","format":"standard","meta":[],"categories":[2,60],"tags":[],"acf":[],"_links":{"self":[{"href":"https:\/\/colimdo.org\/wp-api\/wp\/v2\/posts\/60225"}],"collection":[{"href":"https:\/\/colimdo.org\/wp-api\/wp\/v2\/posts"}],"about":[{"href":"https:\/\/colimdo.org\/wp-api\/wp\/v2\/types\/post"}],"author":[{"embeddable":true,"href":"https:\/\/colimdo.org\/wp-api\/wp\/v2\/users\/19"}],"replies":[{"embeddable":true,"href":"https:\/\/colimdo.org\/wp-api\/wp\/v2\/comments?post=60225"}],"version-history":[{"count":3,"href":"https:\/\/colimdo.org\/wp-api\/wp\/v2\/posts\/60225\/revisions"}],"predecessor-version":[{"id":60230,"href":"https:\/\/colimdo.org\/wp-api\/wp\/v2\/posts\/60225\/revisions\/60230"}],"wp:featuredmedia":[{"embeddable":true,"href":"https:\/\/colimdo.org\/wp-api\/wp\/v2\/media\/60228"}],"wp:attachment":[{"href":"https:\/\/colimdo.org\/wp-api\/wp\/v2\/media?parent=60225"}],"wp:term":[{"taxonomy":"category","embeddable":true,"href":"https:\/\/colimdo.org\/wp-api\/wp\/v2\/categories?post=60225"},{"taxonomy":"post_tag","embeddable":true,"href":"https:\/\/colimdo.org\/wp-api\/wp\/v2\/tags?post=60225"}],"curies":[{"name":"wp","href":"https:\/\/api.w.org\/{rel}","templated":true}]}}