{"id":60240,"date":"2019-09-02T22:25:43","date_gmt":"2019-09-02T22:25:43","guid":{"rendered":"https:\/\/colimdo.org\/?p=60240"},"modified":"2019-09-02T22:25:43","modified_gmt":"2019-09-02T22:25:43","slug":"roberto-cid-obtiene-segundo-titulo-tres-semanas","status":"publish","type":"post","link":"https:\/\/colimdo.org\/noticias\/roberto-cid-obtiene-segundo-titulo-tres-semanas\/","title":{"rendered":"Roberto Cid obtiene segundo t\u00edtulo en tres semanas"},"content":{"rendered":"<p>Cotecc.- Por segunda vez en tres semanas, el dominicano Roberto Cid levant\u00f3 el trofeo de campe\u00f3n de sencillos en un evento ITF M25. En esta oportunidad, el caribe\u00f1o triunf\u00f3 en Gyor, Hungr\u00eda, donde venci\u00f3 en la final al checo Vit Kopriva por 6-1 y 6-0, lo que representa el segundo campeonato del a\u00f1o para el tenista Cotecc.<\/p>\n<p>Esta semana, Cid jugar\u00e1 en el M25 Oviedo, Espa\u00f1a, previo a participar en la Copa Davis por su pa\u00eds contra Uruguay la pr\u00f3xima semana.<\/p>\n<p>Junto a la mexicana Renata Zaraz\u00faa, el dominicano fue uno de los dos tenistas de la regi\u00f3n que recibi\u00f3 este a\u00f1o una beca internacional por parte del Fondo de Desarrollo del Grand Slam.<\/p>\n","protected":false},"excerpt":{"rendered":"<p>Cid venci\u00f3 en la final al checo Vit Kopriva por 6-1 y 6-0, lo que representa el segundo campeonato del a\u00f1o para el dominicano.<\/p>\n","protected":false},"author":16,"featured_media":60241,"comment_status":"closed","ping_status":"closed","sticky":false,"template":"","format":"standard","meta":[],"categories":[2,60],"tags":[],"acf":[],"_links":{"self":[{"href":"https:\/\/colimdo.org\/wp-api\/wp\/v2\/posts\/60240"}],"collection":[{"href":"https:\/\/colimdo.org\/wp-api\/wp\/v2\/posts"}],"about":[{"href":"https:\/\/colimdo.org\/wp-api\/wp\/v2\/types\/post"}],"author":[{"embeddable":true,"href":"https:\/\/colimdo.org\/wp-api\/wp\/v2\/users\/16"}],"replies":[{"embeddable":true,"href":"https:\/\/colimdo.org\/wp-api\/wp\/v2\/comments?post=60240"}],"version-history":[{"count":1,"href":"https:\/\/colimdo.org\/wp-api\/wp\/v2\/posts\/60240\/revisions"}],"predecessor-version":[{"id":60242,"href":"https:\/\/colimdo.org\/wp-api\/wp\/v2\/posts\/60240\/revisions\/60242"}],"wp:featuredmedia":[{"embeddable":true,"href":"https:\/\/colimdo.org\/wp-api\/wp\/v2\/media\/60241"}],"wp:attachment":[{"href":"https:\/\/colimdo.org\/wp-api\/wp\/v2\/media?parent=60240"}],"wp:term":[{"taxonomy":"category","embeddable":true,"href":"https:\/\/colimdo.org\/wp-api\/wp\/v2\/categories?post=60240"},{"taxonomy":"post_tag","embeddable":true,"href":"https:\/\/colimdo.org\/wp-api\/wp\/v2\/tags?post=60240"}],"curies":[{"name":"wp","href":"https:\/\/api.w.org\/{rel}","templated":true}]}}