{"id":60268,"date":"2019-09-03T16:38:50","date_gmt":"2019-09-03T16:38:50","guid":{"rendered":"https:\/\/colimdo.org\/?p=60268"},"modified":"2019-09-03T16:48:00","modified_gmt":"2019-09-03T16:48:00","slug":"delegacion-dominicana-atletas-retorna-al-pais","status":"publish","type":"post","link":"https:\/\/colimdo.org\/noticias\/delegacion-dominicana-atletas-retorna-al-pais\/","title":{"rendered":"Delegaci\u00f3n dominicana de Para atletas retorna al pa\u00eds luego de su actuaci\u00f3n en Lima"},"content":{"rendered":"<p><strong>SANTO DOMINGO, JORGE LUIS TORRES.-\u00a0<\/strong>La delegaci\u00f3n dominicana que represent\u00f3 la bandera tricolor en los Juegos Parapanemericanos de Lima 2019 retorn\u00f3 en la noche del lunes con cinco medallas alzadas. Los para atletas regresaron por el aeropuerto de Punta Cana y fueron recibidos con gran altura por los dominicanos que se encontraban en el lugar.<\/p>\n<p>Nathanael S\u00e1nchez Trinidad quien gan\u00f3 dos medallas, una de bronce y otra de plata y de esta manera se inscribi\u00f3 en el libro de los records\u00a0 para el pa\u00eds por acumular dos preseas en unos Juegos Parapanamericanos.<\/p>\n<p>&#8220;Fue una experiencia inolvidable para cada uno de los atletas que participamos en esta justa, es algo para lo que nos preparamos tanto mis compa\u00f1eros como yo durante mucho tiempo y estoy seguro que entramos aqu\u00ed a dar el todo por el todo para enaltecer nuestro pa\u00eds&#8221;, expres\u00f3 el para atleta.<\/p>\n<p>El ganador de la medalla de plata en 44 kilogramos, menos 61 kilogramos de\u00a0 la disciplina de taekwondo, Geraldo Castro, expres\u00f3 lo importante que fue para \u00e9l haberse colgado el premio plateado en estos Juegos Parapanamericanos.<\/p>\n<p>&#8220;Est\u00e1 muy contento con su resultado a pesar de que \u00e9l fue por el oro, Lima fue muy dif\u00edcil pero dimos todo lo que ten\u00edamos. El entrenamiento fue muy duro ya que estos fueron sus primeros juegos de esta magnitud as\u00ed que fue una gran experiencia&#8221;, dijo el entrenador de Geraldo,\u00a0\u00d3scar Maldonado.<\/p>\n<p>El dominicano se convirti\u00f3 en el primer medallista\u00a0Parapanamericanos en taekwondo. Est\u00e1 fue la primera vez que el pa\u00eds participa en esta disciplina, que se realiza por sexta vez en su historia.<\/p>\n<p>Dominicana obtuvo cinco medallas,\u00a0 tres de bronce y dos de plata ocupando as\u00ed el d\u00e9cimo s\u00e9ptimo lugar de los Juegos Parapanamericanos.<\/p>\n","protected":false},"excerpt":{"rendered":"<p>La delegaci\u00f3n dominicana que represent\u00f3 la bandera tricolor en los Juegos Parapanemericanos de Lima 2019 retorn\u00f3 en la noche de ayer con cinco medallas alzadas. Los para atletas regresaron por el aeropuerto de Punta Cana y fueron recibidos con gran altura por los dominicanos que se encontraban en el lugar.<\/p>\n","protected":false},"author":19,"featured_media":60269,"comment_status":"closed","ping_status":"closed","sticky":false,"template":"","format":"standard","meta":[],"categories":[2,60],"tags":[],"acf":[],"_links":{"self":[{"href":"https:\/\/colimdo.org\/wp-api\/wp\/v2\/posts\/60268"}],"collection":[{"href":"https:\/\/colimdo.org\/wp-api\/wp\/v2\/posts"}],"about":[{"href":"https:\/\/colimdo.org\/wp-api\/wp\/v2\/types\/post"}],"author":[{"embeddable":true,"href":"https:\/\/colimdo.org\/wp-api\/wp\/v2\/users\/19"}],"replies":[{"embeddable":true,"href":"https:\/\/colimdo.org\/wp-api\/wp\/v2\/comments?post=60268"}],"version-history":[{"count":4,"href":"https:\/\/colimdo.org\/wp-api\/wp\/v2\/posts\/60268\/revisions"}],"predecessor-version":[{"id":60272,"href":"https:\/\/colimdo.org\/wp-api\/wp\/v2\/posts\/60268\/revisions\/60272"}],"wp:featuredmedia":[{"embeddable":true,"href":"https:\/\/colimdo.org\/wp-api\/wp\/v2\/media\/60269"}],"wp:attachment":[{"href":"https:\/\/colimdo.org\/wp-api\/wp\/v2\/media?parent=60268"}],"wp:term":[{"taxonomy":"category","embeddable":true,"href":"https:\/\/colimdo.org\/wp-api\/wp\/v2\/categories?post=60268"},{"taxonomy":"post_tag","embeddable":true,"href":"https:\/\/colimdo.org\/wp-api\/wp\/v2\/tags?post=60268"}],"curies":[{"name":"wp","href":"https:\/\/api.w.org\/{rel}","templated":true}]}}