{"id":60279,"date":"2019-09-03T17:49:48","date_gmt":"2019-09-03T17:49:48","guid":{"rendered":"https:\/\/colimdo.org\/?p=60279"},"modified":"2019-09-03T17:49:48","modified_gmt":"2019-09-03T17:49:48","slug":"cod-hara-misa-este-jueves-primer-mes-fallacimiento-nelly-done","status":"publish","type":"post","link":"https:\/\/colimdo.org\/noticias\/cod-hara-misa-este-jueves-primer-mes-fallacimiento-nelly-done\/","title":{"rendered":"COD har\u00e1 misa este jueves por primer mes fallacimiento Nelly Do\u00f1\u00e9"},"content":{"rendered":"<p><strong>SANTO DOMINGO<\/strong>.\u00a0-El Comit\u00e9 Ol\u00edmpico Dominicano (COD) ofrecer\u00e1 una misa este jueves, a las 11:00 de la ma\u00f1ana, en el Sal\u00f3n Juan Ulises Garc\u00eda Saleta en ocasi\u00f3n del primer mes del fallecimiento del profesor Nelly Manuel Do\u00f1\u00e9.<\/p>\n<p>El profesor Do\u00f1\u00e9 muri\u00f3 el pasado lunes 29 de julio luego de padecer serios quebrantos de salud.<\/p>\n<p>A la hora de su fallecimiento, el profesor Nelly Do\u00f1\u00e9, miembro fundador del club Mauricio B\u00e1ez y directivo del Comit\u00e9 Ol\u00edmpico Dominicano (COD), ten\u00eda 75 a\u00f1os de edad.<\/p>\n<p>La misa, a celebrarse en la sede del COD, permitir\u00e1 la presencia de presidentes de la mayor\u00eda de las federaciones deportivas nacionales, as\u00ed como atletas, los cuales no pudieron estar presentes en los actos f\u00fanebres del profesor Do\u00f1\u00e9 por estar en los XVIII Juegos Panamericanos de Lima, Per\u00fa.<\/p>\n<p>El extinto profesor fue un veterano promotor del desarrollo del olimpismo y el deporte tanto a nivel nacional como internacional.<\/p>\n<p>Do\u00f1\u00e9 tambi\u00e9n form\u00f3 parte de las personas que hace 50 a\u00f1os realizaron la fundaci\u00f3n del club Mauricio B\u00e1ez, donde fue un miembro activo.<\/p>\n<p>Dentro de las funciones ejercidas por Do\u00f1\u00e9 se destacan el haber sido subsecretario de Deportes y director t\u00e9cnico del Comit\u00e9 Ol\u00edmpico Dominicano (COD).<\/p>\n<p>Adem\u00e1s, estuvo a cargo de la direcci\u00f3n t\u00e9cnica de los Juegos Deportivos Panamericanos Santo Domingo 2003, y otros eventos deportivos en los cuales aport\u00f3 y comparti\u00f3 su vasto conocimiento en la realizaci\u00f3n de eventos vinculados al deporte.<\/p>\n","protected":false},"excerpt":{"rendered":"<p>El profesor Do\u00f1\u00e9 muri\u00f3 el pasado lunes 29 de julio luego de padecer serios quebrantos de salud.<\/p>\n","protected":false},"author":19,"featured_media":60280,"comment_status":"closed","ping_status":"closed","sticky":false,"template":"","format":"standard","meta":[],"categories":[2,60],"tags":[],"acf":[],"_links":{"self":[{"href":"https:\/\/colimdo.org\/wp-api\/wp\/v2\/posts\/60279"}],"collection":[{"href":"https:\/\/colimdo.org\/wp-api\/wp\/v2\/posts"}],"about":[{"href":"https:\/\/colimdo.org\/wp-api\/wp\/v2\/types\/post"}],"author":[{"embeddable":true,"href":"https:\/\/colimdo.org\/wp-api\/wp\/v2\/users\/19"}],"replies":[{"embeddable":true,"href":"https:\/\/colimdo.org\/wp-api\/wp\/v2\/comments?post=60279"}],"version-history":[{"count":1,"href":"https:\/\/colimdo.org\/wp-api\/wp\/v2\/posts\/60279\/revisions"}],"predecessor-version":[{"id":60281,"href":"https:\/\/colimdo.org\/wp-api\/wp\/v2\/posts\/60279\/revisions\/60281"}],"wp:featuredmedia":[{"embeddable":true,"href":"https:\/\/colimdo.org\/wp-api\/wp\/v2\/media\/60280"}],"wp:attachment":[{"href":"https:\/\/colimdo.org\/wp-api\/wp\/v2\/media?parent=60279"}],"wp:term":[{"taxonomy":"category","embeddable":true,"href":"https:\/\/colimdo.org\/wp-api\/wp\/v2\/categories?post=60279"},{"taxonomy":"post_tag","embeddable":true,"href":"https:\/\/colimdo.org\/wp-api\/wp\/v2\/tags?post=60279"}],"curies":[{"name":"wp","href":"https:\/\/api.w.org\/{rel}","templated":true}]}}