{"id":60303,"date":"2019-09-03T23:17:34","date_gmt":"2019-09-03T23:17:34","guid":{"rendered":"https:\/\/colimdo.org\/?p=60303"},"modified":"2019-09-03T23:26:07","modified_gmt":"2019-09-03T23:26:07","slug":"exoneran-sucesor-bolt-ira-al-mundial","status":"publish","type":"post","link":"https:\/\/colimdo.org\/noticias\/exoneran-sucesor-bolt-ira-al-mundial\/","title":{"rendered":"Exoneran a sucesor de Bolt, ir\u00e1 al Mundial tras perdida de muestra"},"content":{"rendered":"<p>ESPN. El estelar velocista Christian Coleman ser\u00e1 elegible para el campeonato mundial de atletismo este mes y los Juegos Ol\u00edmpicos del a\u00f1o pr\u00f3ximo en Tokio luego que la Agencia Antidopaje de Estados Unidos abandon\u00f3 su caso por p\u00e9rdida de ex\u00e1menes debido a un error t\u00e9cnico con las fechas.<\/p>\n<p>Coleman es el campe\u00f3n estadounidense y favorito en los 100 metros planos, una distancia en la que tiene el mejor tiempo mundial en los \u00faltimos tres a\u00f1os.<\/p>\n<p>El campeonato mundial arranca el 27 de septiembre en Qatar, donde Coleman buscar\u00e1 mejorar la medalla de plata que gan\u00f3 en el 2017. En esa carrera, finaliz\u00f3 delante de Usain Bolt, que corr\u00eda en sus \u00faltimos 100.<\/p>\n<p>&#8220;Aunque este calvario ha sido exasperante y me he perdido algunas competencias que no deb\u00ed haberme perdido, s\u00e9 que nunca he usado substancias prohibidas y nunca he violado las reglas antidopaje&#8221;, dijo Coleman en una declaraci\u00f3n dada a conocer por su abogado. &#8220;No puedo esperar para representar a Estados Unidos en el campeonato mundial&#8221;.<\/p>\n<p>Coleman enfrentaba una posible sanci\u00f3n por tres &#8220;fallos de paradero&#8221; en un per\u00edodo de 12 meses. Eso significa que no llen\u00f3 formularios sobre d\u00f3nde pod\u00eda encontr\u00e1rsele o no estaba donde dijo que estar\u00eda cuando acudieron a realizarle una prueba.<\/p>\n","protected":false},"excerpt":{"rendered":"<p>Coleman es el campe\u00f3n estadounidense y favorito en los 100 metros planos, una distancia en la que tiene el mejor tiempo mundial en los \u00faltimos tres a\u00f1os.<\/p>\n","protected":false},"author":16,"featured_media":60304,"comment_status":"closed","ping_status":"closed","sticky":false,"template":"","format":"standard","meta":[],"categories":[2,60],"tags":[],"acf":[],"_links":{"self":[{"href":"https:\/\/colimdo.org\/wp-api\/wp\/v2\/posts\/60303"}],"collection":[{"href":"https:\/\/colimdo.org\/wp-api\/wp\/v2\/posts"}],"about":[{"href":"https:\/\/colimdo.org\/wp-api\/wp\/v2\/types\/post"}],"author":[{"embeddable":true,"href":"https:\/\/colimdo.org\/wp-api\/wp\/v2\/users\/16"}],"replies":[{"embeddable":true,"href":"https:\/\/colimdo.org\/wp-api\/wp\/v2\/comments?post=60303"}],"version-history":[{"count":3,"href":"https:\/\/colimdo.org\/wp-api\/wp\/v2\/posts\/60303\/revisions"}],"predecessor-version":[{"id":60307,"href":"https:\/\/colimdo.org\/wp-api\/wp\/v2\/posts\/60303\/revisions\/60307"}],"wp:featuredmedia":[{"embeddable":true,"href":"https:\/\/colimdo.org\/wp-api\/wp\/v2\/media\/60304"}],"wp:attachment":[{"href":"https:\/\/colimdo.org\/wp-api\/wp\/v2\/media?parent=60303"}],"wp:term":[{"taxonomy":"category","embeddable":true,"href":"https:\/\/colimdo.org\/wp-api\/wp\/v2\/categories?post=60303"},{"taxonomy":"post_tag","embeddable":true,"href":"https:\/\/colimdo.org\/wp-api\/wp\/v2\/tags?post=60303"}],"curies":[{"name":"wp","href":"https:\/\/api.w.org\/{rel}","templated":true}]}}