{"id":60308,"date":"2019-09-03T23:45:30","date_gmt":"2019-09-03T23:45:30","guid":{"rendered":"https:\/\/colimdo.org\/?p=60308"},"modified":"2019-09-03T23:45:30","modified_gmt":"2019-09-03T23:45:30","slug":"sedofutbol-publico-convocados-liga-naciones-concacaf","status":"publish","type":"post","link":"https:\/\/colimdo.org\/noticias\/sedofutbol-publico-convocados-liga-naciones-concacaf\/","title":{"rendered":"Sedofutbol hace p\u00fablico convocados   para Liga de Naciones de Concacaf"},"content":{"rendered":"<p>&nbsp;<\/p>\n<p>SANTO DOMINGO.- La selecci\u00f3n dominicana de f\u00fatbol hizo p\u00fablico sus jugadores convocados para la Liga de Naciones de Concacaf.<\/p>\n<p>Los criollos jugar\u00e1n dos partidos, uno ante Montserrat como visitantes el d\u00eda 7 de este mes, en el Blakes Footbal Complex, a las 3 de la tarde, mientras que el d\u00eda 10 chocar\u00e1n ante El Salvador en el Estadio Cibao FC, a las 7 de la noche.<\/p>\n<p>Los convocados a los dos partidos son: Miguel Lloyd y Johan Guzm\u00e1n, como los dos arqueros.<\/p>\n<p>Por su parte, Ismael D\u00edaz (Pinta), Jairo Bueno, Brian L\u00f3pez, Ernesto Trinidad, Edarlyn Reyes, Adrian Salcedo y Cesar Garc\u00eda (Danco).<\/p>\n<p>Asimismo, Jean Carlos L\u00f3pez, Rafael Flores, Gerard Lavergne, Ronaldo Vasquez y Wilman Modesta.<\/p>\n<p>Mientras que Darly Batista, Juan \u00c1ngeles, Edipo Rodr\u00edguez, Joshua Gar\u00eda, Dorny Romero,<\/p>\n<p>Ahora que la Rep\u00fablica Dominicana tiene la atenci\u00f3n de la regi\u00f3n, buscar\u00e1n dar un golpe de autoridad, logrando un ascenso a la Liga A del evento.<\/p>\n<p>A nivel de clubes y selecci\u00f3n, la Rep\u00fablica Dominicana ha crecido r\u00e1pidamente en los \u00faltimos a\u00f1os. Desde la inauguraci\u00f3n de la Liga Dominicana de F\u00fatbol en 2015, clubes como Cibao FC y Atl\u00e9tico Pantoja han clasificado a las ediciones de 2018 y 2019 de la Scotiabank Liga de Campeones Concacaf.<\/p>\n<p>A nivel internacional, la selecci\u00f3n de la Rep\u00fablica Dominicana tuvo una grata actuaci\u00f3n en las eliminatorias de la Liga de Naciones Concacaf, finalizando con un r\u00e9cord de dos victorias, cero empates y dos derrotas, con nueve goles a favor y cuatro en contra.<\/p>\n<p>Las derrotas por 1-0 ante Cuba y 3-1 vs Bermuda, que s\u00ed particip\u00f3 en la reciente Copa Oro, privaron a la Rep\u00fablica Dominicana para llegar a la Copa Oro.<\/p>\n<p>No hay dudas que hay una sensaci\u00f3n de optimismo que ha permeado por toda la selecci\u00f3n de la Rep\u00fablica Dominicana.<\/p>\n<p>Direcci\u00f3n de prensa Fedofutbol<\/p>\n","protected":false},"excerpt":{"rendered":"<p>Los criollos jugar\u00e1n dos partidos, uno ante Montserrat como visitantes el d\u00eda 7 de este mes, en el Blakes Footbal Complex, a las 3 de la tarde, mientras que el d\u00eda 10 chocar\u00e1n ante El Salvador en el Estadio Cibao FC, a las 7 de la noche.<\/p>\n","protected":false},"author":16,"featured_media":60309,"comment_status":"closed","ping_status":"closed","sticky":false,"template":"","format":"standard","meta":[],"categories":[2,60],"tags":[],"acf":[],"_links":{"self":[{"href":"https:\/\/colimdo.org\/wp-api\/wp\/v2\/posts\/60308"}],"collection":[{"href":"https:\/\/colimdo.org\/wp-api\/wp\/v2\/posts"}],"about":[{"href":"https:\/\/colimdo.org\/wp-api\/wp\/v2\/types\/post"}],"author":[{"embeddable":true,"href":"https:\/\/colimdo.org\/wp-api\/wp\/v2\/users\/16"}],"replies":[{"embeddable":true,"href":"https:\/\/colimdo.org\/wp-api\/wp\/v2\/comments?post=60308"}],"version-history":[{"count":1,"href":"https:\/\/colimdo.org\/wp-api\/wp\/v2\/posts\/60308\/revisions"}],"predecessor-version":[{"id":60310,"href":"https:\/\/colimdo.org\/wp-api\/wp\/v2\/posts\/60308\/revisions\/60310"}],"wp:featuredmedia":[{"embeddable":true,"href":"https:\/\/colimdo.org\/wp-api\/wp\/v2\/media\/60309"}],"wp:attachment":[{"href":"https:\/\/colimdo.org\/wp-api\/wp\/v2\/media?parent=60308"}],"wp:term":[{"taxonomy":"category","embeddable":true,"href":"https:\/\/colimdo.org\/wp-api\/wp\/v2\/categories?post=60308"},{"taxonomy":"post_tag","embeddable":true,"href":"https:\/\/colimdo.org\/wp-api\/wp\/v2\/tags?post=60308"}],"curies":[{"name":"wp","href":"https:\/\/api.w.org\/{rel}","templated":true}]}}