{"id":60320,"date":"2019-09-04T05:11:21","date_gmt":"2019-09-04T05:11:21","guid":{"rendered":"https:\/\/colimdo.org\/?p=60320"},"modified":"2019-09-04T05:11:28","modified_gmt":"2019-09-04T05:11:28","slug":"rd-visitara-uruguay-la-copa-davis-america-i-ii","status":"publish","type":"post","link":"https:\/\/colimdo.org\/noticias\/rd-visitara-uruguay-la-copa-davis-america-i-ii\/","title":{"rendered":"RD  visitar\u00e1 a Uruguay en la Copa Davis Am\u00e9rica I y II"},"content":{"rendered":"<p>SANTO DOMINGO.- Los pa\u00edses de la Confederaci\u00f3n de Tenis de Centroam\u00e9rica y el Caribe (Cotecc ) que jugar\u00e1n Copa Davis Am\u00e9rica I y II el fin de semana del 13 al 15 de septiembre presentaron este martes los miembros de sus equipos para buscar el ascenso en sus respectivos enfrentamientos.<\/p>\n<p>En Am\u00e9rica I, Barbados jugar\u00e1 con Darian King, Haydn Lewis y Xavier Lawrence para enfrentar a Brasil los d\u00edas 13 y 14, mientras Rep\u00fablica Dominicana visitar\u00e1 a Uruguay con Jos\u00e9 Hern\u00e1ndez, Roberto Cid, Nick Hardt, V\u00edctor Estrella y Jos\u00e9 Olivares el 14 y el 15 de septiembre.<\/p>\n<p>En Am\u00e9rica II, Guatemala recibir\u00e1 a Bolivia con Wilfredo Gonz\u00e1lez, Stefan Gonz\u00e1lez, Franz Luna y Sebasti\u00e1n Dom\u00ednguez, y M\u00e9xico visitar\u00e1 a Paraguay con Lucas G\u00f3mez, Manuel S\u00e1nchez, Luis Pati\u00f1o, Santiago Gonz\u00e1lez y Miguel \u00c1ngel Reyes.<\/p>\n","protected":false},"excerpt":{"rendered":"<p>Bebo Hern\u00e1ndez, Cid, Hardt, Estrella y Jos\u00e9 Olivares  conforman el equipo dominicano para el torneo del 13 al 15 de septiembre.<\/p>\n","protected":false},"author":13,"featured_media":60321,"comment_status":"closed","ping_status":"closed","sticky":false,"template":"","format":"standard","meta":[],"categories":[2,60],"tags":[],"acf":[],"_links":{"self":[{"href":"https:\/\/colimdo.org\/wp-api\/wp\/v2\/posts\/60320"}],"collection":[{"href":"https:\/\/colimdo.org\/wp-api\/wp\/v2\/posts"}],"about":[{"href":"https:\/\/colimdo.org\/wp-api\/wp\/v2\/types\/post"}],"author":[{"embeddable":true,"href":"https:\/\/colimdo.org\/wp-api\/wp\/v2\/users\/13"}],"replies":[{"embeddable":true,"href":"https:\/\/colimdo.org\/wp-api\/wp\/v2\/comments?post=60320"}],"version-history":[{"count":1,"href":"https:\/\/colimdo.org\/wp-api\/wp\/v2\/posts\/60320\/revisions"}],"predecessor-version":[{"id":60322,"href":"https:\/\/colimdo.org\/wp-api\/wp\/v2\/posts\/60320\/revisions\/60322"}],"wp:featuredmedia":[{"embeddable":true,"href":"https:\/\/colimdo.org\/wp-api\/wp\/v2\/media\/60321"}],"wp:attachment":[{"href":"https:\/\/colimdo.org\/wp-api\/wp\/v2\/media?parent=60320"}],"wp:term":[{"taxonomy":"category","embeddable":true,"href":"https:\/\/colimdo.org\/wp-api\/wp\/v2\/categories?post=60320"},{"taxonomy":"post_tag","embeddable":true,"href":"https:\/\/colimdo.org\/wp-api\/wp\/v2\/tags?post=60320"}],"curies":[{"name":"wp","href":"https:\/\/api.w.org\/{rel}","templated":true}]}}