{"id":60325,"date":"2019-09-04T15:17:24","date_gmt":"2019-09-04T15:17:24","guid":{"rendered":"https:\/\/colimdo.org\/?p=60325"},"modified":"2019-09-04T15:17:24","modified_gmt":"2019-09-04T15:17:24","slug":"fue-encontrado-cadaver-la-esquiadora-blanca-fernandez-ochoa","status":"publish","type":"post","link":"https:\/\/colimdo.org\/noticias\/fue-encontrado-cadaver-la-esquiadora-blanca-fernandez-ochoa\/","title":{"rendered":"Fue encontrado el cad\u00e1ver de la esquiadora Blanca Fern\u00e1ndez Ochoa"},"content":{"rendered":"<p>DIARIO LIBRE.-\u00a0Los equipos de b\u00fasqueda desplegados en la zona de Cercedilla (Madrid) han encontrado el cad\u00e1ver de Blanca Fern\u00e1ndez Ochoa, en el pico de La Pe\u00f1ota, en Cercedilla, medallista ol\u00edmpica de esqu\u00ed, cuya desaparici\u00f3n fue alertada este s\u00e1bado por la Polic\u00eda Nacional.<\/p>\n<p>El hallazgo ha tenido lugar en el tercer d\u00eda de b\u00fasqueda de la exesquiadora por el operativo desplegado en esa zona de la sierra madrile\u00f1a, aunque a\u00fan no se ha determinado la identidad del cuerpo.<\/p>\n<p>La deportista fue vista por \u00faltima vez en un supermercado de Pozuelo de Alarc\u00f3n (Madrid), el pasado s\u00e1bado 24 de agosto.<\/p>\n<p>El cuerpo ha sido hallado en el Pico de la Pe\u00f1ota, ubicado en el l\u00edmite entre Segovia y Madrid, y el hallazgo ha sido comunicado a los familiares de Blanca que se encontraban en la zona de coordinaci\u00f3n del aparcamiento de Las Dehesas.<\/p>\n<p>Se han vivido escenas de tensi\u00f3n y algunos familiares de la exesquiadora han roto a llorar.<\/p>\n<p>El Pico de la Pe\u00f1ota est\u00e1 a unas dos horas del lugar en el que se encontr\u00f3 su coche, en Las Dehesas.<\/p>\n<p>Su hija Olivia denunci\u00f3 la desaparici\u00f3n ante la Guardia Civil del municipio madrile\u00f1o de Las Rozas, donde viv\u00eda su madre, y el Instituto Armado traslad\u00f3 las pesquisas a la Polic\u00eda Nacional. Como Olivia se hab\u00eda marchado unos d\u00edas fuera de Madrid, la exesquiadora estaba pasando unos d\u00edas en la casa de Aravaca de su hermana.<\/p>\n<p>El pasado domingo, el coche de Fern\u00e1ndez Ochoa, un Mercedes clase A de color negro, fue localizado en un aparcamiento para senderistas de Cercedilla, municipio de la sierra madrile\u00f1a.<\/p>\n<p>Tras el hallazgo, la Polic\u00eda Nacional, Guardia Civil, el Grupo Especial de Rescate en Altura de los bomberos de la Comunidad de Madrid, incluido un helic\u00f3ptero, se desplazaron a Cercedilla para buscar a la medallista. Los bomberos de la Comunidad de Madrid, forestales e incluso vecinos y conocedores de la zona han colaborado intensamente en la b\u00fasqueda de Fern\u00e1ndez Ochoa que ha durado casi una semana.<\/p>\n<p>Fern\u00e1ndez Ochoa era recordada por ser la primera mujer espa\u00f1ola en hacerse con una medalla ol\u00edmpica en unos Juegos de Invierno.<\/p>\n<p>El comandante Jos\u00e9 Manuel Sierra, durante una rueda de prensa este mi\u00e9rcoles. La Polic\u00eda Nacional no descarta que Blanca Fern\u00e1ndez Ochoa estuviese acompa\u00f1ada el d\u00eda que desapareci\u00f3 y mantiene abiertas varias v\u00edas de investigaci\u00f3n, incluida la posibilidad de que no est\u00e9 en la sierra madrile\u00f1a.<\/p>\n","protected":false},"excerpt":{"rendered":"<p>El hallazgo ha tenido lugar en el tercer d\u00eda de b\u00fasqueda de la exesquiadora por el operativo desplegado en esa zona de la sierra madrile\u00f1a, aunque a\u00fan no se ha determinado la identidad del cuerpo.<\/p>\n","protected":false},"author":19,"featured_media":60326,"comment_status":"closed","ping_status":"closed","sticky":false,"template":"","format":"standard","meta":[],"categories":[2,60],"tags":[],"acf":[],"_links":{"self":[{"href":"https:\/\/colimdo.org\/wp-api\/wp\/v2\/posts\/60325"}],"collection":[{"href":"https:\/\/colimdo.org\/wp-api\/wp\/v2\/posts"}],"about":[{"href":"https:\/\/colimdo.org\/wp-api\/wp\/v2\/types\/post"}],"author":[{"embeddable":true,"href":"https:\/\/colimdo.org\/wp-api\/wp\/v2\/users\/19"}],"replies":[{"embeddable":true,"href":"https:\/\/colimdo.org\/wp-api\/wp\/v2\/comments?post=60325"}],"version-history":[{"count":1,"href":"https:\/\/colimdo.org\/wp-api\/wp\/v2\/posts\/60325\/revisions"}],"predecessor-version":[{"id":60327,"href":"https:\/\/colimdo.org\/wp-api\/wp\/v2\/posts\/60325\/revisions\/60327"}],"wp:featuredmedia":[{"embeddable":true,"href":"https:\/\/colimdo.org\/wp-api\/wp\/v2\/media\/60326"}],"wp:attachment":[{"href":"https:\/\/colimdo.org\/wp-api\/wp\/v2\/media?parent=60325"}],"wp:term":[{"taxonomy":"category","embeddable":true,"href":"https:\/\/colimdo.org\/wp-api\/wp\/v2\/categories?post=60325"},{"taxonomy":"post_tag","embeddable":true,"href":"https:\/\/colimdo.org\/wp-api\/wp\/v2\/tags?post=60325"}],"curies":[{"name":"wp","href":"https:\/\/api.w.org\/{rel}","templated":true}]}}