{"id":60346,"date":"2019-09-04T18:31:58","date_gmt":"2019-09-04T18:31:58","guid":{"rendered":"https:\/\/colimdo.org\/?p=60346"},"modified":"2019-09-04T18:31:58","modified_gmt":"2019-09-04T18:31:58","slug":"cod-hara-distincion-este-viernes-medallistas-pam-lima-2019","status":"publish","type":"post","link":"https:\/\/colimdo.org\/noticias\/cod-hara-distincion-este-viernes-medallistas-pam-lima-2019\/","title":{"rendered":"COD har\u00e1 distinci\u00f3n este viernes a medallistas Para-Pam Lima 2019"},"content":{"rendered":"<p>&nbsp;<\/p>\n<p><strong><span lang=\"ES-DO\">SANTO DOMINGO.-<\/span><\/strong><span lang=\"ES-DO\">\u00a0El Comit\u00e9 Ol\u00edmpico Dominicano (COD) har\u00e1 un reconocimiento este viernes, a las 11:00 de la ma\u00f1ana, a la delegaci\u00f3n dominicana que tom\u00f3 parte en los Juegos Para-Panamericanos que se llevaron a cabo en Lima, Per\u00fa.<\/span><\/p>\n<p><span lang=\"ES-DO\">El encuentro, que tendr\u00e1 lugar en el Sal\u00f3n Juan Ulises Garc\u00eda Saleta del COD, estar\u00e1 encabezado por miembros del comit\u00e9 ejecutivo de la entidad ol\u00edmpica, as\u00ed como funcionarios del Ministerio de Deportes.<\/span><\/p>\n<p><span lang=\"ES-DO\">\u201cEste viernes recibiremos a la delegaci\u00f3n Team Dom Paral\u00edmpicos que dignamente nos represent\u00f3 en Lima2019 y los recibiremos como h\u00e9roes y hero\u00ednas\u201d, se\u00f1ala una nota del departamento de prensa del COD.<\/span><\/p>\n<p><span lang=\"ES-DO\">El recibimiento forma parte de las actividades que realiza el COD con los atletas que logran destacadas actuaciones en competencias realizadas en suelo extranjero.<\/span><\/p>\n<p><span lang=\"ES-DO\">Al encuentro de recibimiento tambi\u00e9n se espera la presencia de familiares, directivos del Comit\u00e9 Paral\u00edmpico que preside Eladio Agramonte, as\u00ed como familiares.<\/span><\/p>\n<p><span lang=\"ES-DO\">La delegaci\u00f3n dominicana que tom\u00f3 parte en los Juegos Para-Panamericanos de Lima, Per\u00fa, tuvo su mejor actuaci\u00f3n en este tipo de eventos al conquistar un total de cinco medallas, incluidas tres de plata y dos de bronce.<\/span><\/p>\n<p><span lang=\"ES-DO\">Como pa\u00eds, la Rep\u00fablica Dominicana ocup\u00f3 el d\u00e9cimo s\u00e9ptimo lugar en el medallero general de los Juegos ParaPanamericanos.<\/span><\/p>\n<p><span lang=\"ES-DO\">Tras su partici\u00f3n en la cita multideportiva, los atletas paral\u00edmpicos dominicanos fijan su objetivo hacia los eventos clasificatorios que otorgar\u00e1n plaza a los Juegos Paral\u00edmpicos que se celebrar\u00e1n el pr\u00f3ximo a\u00f1o en Tokio, Jap\u00f3n.<\/span><\/p>\n<p>El dominicano Nathanael S\u00e1nchez conquist\u00f3 una medalla de plata y otra de bronce en las competencias de para-atletismo, en las modalidadesd de\u00a0jabalina masculino F-13 al lograr su mejor marca personal con 41.02, el mismo \u00a0se alz\u00f3 con el bronce en las competencias de bala masculino F-12.<\/p>\n<p>Adem\u00e1s de Nathael, el atleta\u00a0Geraldo Castro obtuvo la medalla de plata en la categor\u00eda masculino 44 kilogramos menos 61 kilos masculinos de las competencias de para-taekwondo.<\/p>\n<p>La nadadora Alejandra Aybar logr\u00f3 conseguir la presea plateada en los 100 metros pecho SB6, del campeonato de nataci\u00f3n.<\/p>\n<p>El ciclista Jos\u00e9 Frank Rodr\u00edguez, termin\u00f3 en tercer lugar de la carrera de ruta de ciclismo para as\u00ed quedarse con la medalla de bronce.<\/p>\n<p>&nbsp;<\/p>\n","protected":false},"excerpt":{"rendered":"<p>Al encuentro de recibimiento tambi\u00e9n se espera la presencia de familiares, directivos del Comit\u00e9 Paral\u00edmpico que preside Eladio Agramonte, as\u00ed como familiares.<\/p>\n","protected":false},"author":19,"featured_media":60347,"comment_status":"closed","ping_status":"closed","sticky":false,"template":"","format":"standard","meta":[],"categories":[2,60],"tags":[],"acf":[],"_links":{"self":[{"href":"https:\/\/colimdo.org\/wp-api\/wp\/v2\/posts\/60346"}],"collection":[{"href":"https:\/\/colimdo.org\/wp-api\/wp\/v2\/posts"}],"about":[{"href":"https:\/\/colimdo.org\/wp-api\/wp\/v2\/types\/post"}],"author":[{"embeddable":true,"href":"https:\/\/colimdo.org\/wp-api\/wp\/v2\/users\/19"}],"replies":[{"embeddable":true,"href":"https:\/\/colimdo.org\/wp-api\/wp\/v2\/comments?post=60346"}],"version-history":[{"count":1,"href":"https:\/\/colimdo.org\/wp-api\/wp\/v2\/posts\/60346\/revisions"}],"predecessor-version":[{"id":60348,"href":"https:\/\/colimdo.org\/wp-api\/wp\/v2\/posts\/60346\/revisions\/60348"}],"wp:featuredmedia":[{"embeddable":true,"href":"https:\/\/colimdo.org\/wp-api\/wp\/v2\/media\/60347"}],"wp:attachment":[{"href":"https:\/\/colimdo.org\/wp-api\/wp\/v2\/media?parent=60346"}],"wp:term":[{"taxonomy":"category","embeddable":true,"href":"https:\/\/colimdo.org\/wp-api\/wp\/v2\/categories?post=60346"},{"taxonomy":"post_tag","embeddable":true,"href":"https:\/\/colimdo.org\/wp-api\/wp\/v2\/tags?post=60346"}],"curies":[{"name":"wp","href":"https:\/\/api.w.org\/{rel}","templated":true}]}}