{"id":60349,"date":"2019-09-04T23:11:44","date_gmt":"2019-09-04T23:11:44","guid":{"rendered":"https:\/\/colimdo.org\/?p=60349"},"modified":"2019-09-04T23:11:44","modified_gmt":"2019-09-04T23:11:44","slug":"juegos-interdepartamentales-dedicados-karateca-maria-dimitrova","status":"publish","type":"post","link":"https:\/\/colimdo.org\/noticias\/juegos-interdepartamentales-dedicados-karateca-maria-dimitrova\/","title":{"rendered":"Juegos Interdepartamentales dedicados a karateca Mar\u00eda Dimitrova"},"content":{"rendered":"<p>SANTO DOMINGO.- El Banco Central inform\u00f3 que inaugurar\u00e1 este viernes\u00a0 seis de septiembre la versi\u00f3n XXIV de los Juegos Interdepartamentales del Banco Central de Rep\u00fablica Dominicana (BCRD) los cuales ser\u00e1n dedicados a la laureada karateca dominicana Mar\u00eda Dimitrova, en reconocimiento a su brillante carrera deportiva.<\/p>\n<p>Un comunicado de la entidad se\u00f1ala que Dimitrova, que viene de ganar medallas de oro y plata en los reci\u00e9n finalizados Juegos Panamericanos de Lima, se ha destacado en la modalidad kata dijo al aceptar la dedicatoria que \u201ces un honor que me hayan tomado en cuenta para este gran reconocimiento\u201d.<\/p>\n<p>La ceremonia de inauguraci\u00f3n, que est\u00e1 pautada para las 6:30 de la tarde y estar\u00e1 encabezada por el gobernador del Banco Central de Rep\u00fablica Dominicana, el licenciado H\u00e9ctor Valdez Albizu.<\/p>\n<p>En la edici\u00f3n XXIV de Juegos Interdepartamentales habr\u00e1 competencias en baloncesto, voleibol, boliche, ajedrez, domin\u00f3, f\u00fatbol, b\u00e9isbol de peque\u00f1as ligas, nataci\u00f3n, tenis de campo, tenis de mesa, billar, taekwondo, carreras de tres, cinco y diez kil\u00f3metros, adem\u00e1s de la acostumbrada bicicletada y el zumbat\u00f3n, se\u00f1ala la nota.<\/p>\n<p>La parte musical de la ceremonia de inauguraci\u00f3n, que contar\u00e1 con la presencia de m\u00e1s de 2,000 atletas participantes, ejecutivos y el p\u00fablico en general, estar\u00e1 a cargo de la afamada agrupaci\u00f3n salsera Chiquito Team Band y el consagrado m\u00fasico Arturo Molina, director de la orquesta Caf\u00e9.<\/p>\n","protected":false},"excerpt":{"rendered":"<p>Dimitrova, que viene de ganar medallas de oro y plata en los reci\u00e9n finalizados Juegos Panamericanos de Lima, se ha destacado en la modalidad kata dijo al aceptar la dedicatoria que \u201ces un honor que me hayan tomado en cuenta para este gran reconocimiento\u201d.<\/p>\n","protected":false},"author":16,"featured_media":60350,"comment_status":"closed","ping_status":"closed","sticky":false,"template":"","format":"standard","meta":[],"categories":[2,60],"tags":[],"acf":[],"_links":{"self":[{"href":"https:\/\/colimdo.org\/wp-api\/wp\/v2\/posts\/60349"}],"collection":[{"href":"https:\/\/colimdo.org\/wp-api\/wp\/v2\/posts"}],"about":[{"href":"https:\/\/colimdo.org\/wp-api\/wp\/v2\/types\/post"}],"author":[{"embeddable":true,"href":"https:\/\/colimdo.org\/wp-api\/wp\/v2\/users\/16"}],"replies":[{"embeddable":true,"href":"https:\/\/colimdo.org\/wp-api\/wp\/v2\/comments?post=60349"}],"version-history":[{"count":1,"href":"https:\/\/colimdo.org\/wp-api\/wp\/v2\/posts\/60349\/revisions"}],"predecessor-version":[{"id":60351,"href":"https:\/\/colimdo.org\/wp-api\/wp\/v2\/posts\/60349\/revisions\/60351"}],"wp:featuredmedia":[{"embeddable":true,"href":"https:\/\/colimdo.org\/wp-api\/wp\/v2\/media\/60350"}],"wp:attachment":[{"href":"https:\/\/colimdo.org\/wp-api\/wp\/v2\/media?parent=60349"}],"wp:term":[{"taxonomy":"category","embeddable":true,"href":"https:\/\/colimdo.org\/wp-api\/wp\/v2\/categories?post=60349"},{"taxonomy":"post_tag","embeddable":true,"href":"https:\/\/colimdo.org\/wp-api\/wp\/v2\/tags?post=60349"}],"curies":[{"name":"wp","href":"https:\/\/api.w.org\/{rel}","templated":true}]}}