{"id":60352,"date":"2019-09-04T23:15:51","date_gmt":"2019-09-04T23:15:51","guid":{"rendered":"https:\/\/colimdo.org\/?p=60352"},"modified":"2019-09-04T23:15:51","modified_gmt":"2019-09-04T23:15:51","slug":"indios-sf-nombran-gerardo-suero-capitan-del-equipo","status":"publish","type":"post","link":"https:\/\/colimdo.org\/noticias\/indios-sf-nombran-gerardo-suero-capitan-del-equipo\/","title":{"rendered":"Indios de SF nombran a Gerardo Suero capit\u00e1n del equipo"},"content":{"rendered":"<p>SAN FRANCISCO DE MACOR\u00cdS.- Los Indios de San Francisco de Macor\u00eds design\u00f3 al jugador Gerardo Suero como el nuevo capit\u00e1n de la franquicia que participa en la Liga Nacional de Baloncesto (LNB).<\/p>\n<p>La informaci\u00f3n fue ofrecida por el dirigente David D\u00edaz, quien destac\u00f3 las cualidades como persona y jugador que posee Gerardo para ocupar el puesto que tuvo su hermano Juan Miguel dos temporadas.<\/p>\n<p>\u201cGerardo se ha ganado asumir esa responsabilidad, es un excelente jugador y ha madurado mucho como persona y como compa\u00f1ero, estamos seguros que realizar\u00e1 un buen trabajo\u201d, expres\u00f3 David.<\/p>\n<p>\u201cSu responsabilidad es doble, porque es un puesto que estuvo en manos de Juan Miguel y sabemos que Gerardo har\u00e1 su mejor esfuerzo para que las cosas funcionen de manera correcta\u201d, Agreg\u00f3.<\/p>\n<p>Es el quinto en la historia<\/p>\n<p>Gerardo Suero se convierte en el quinto jugador en la historia de la franquicia, siguiendo los pasos de grandes figuras del equipo en a\u00f1os anteriores, como David D\u00edaz, quien fue el primero en el a\u00f1o 2005, luego de su retiro entonces la responsabilidad fue asumida por Richard Ortega y Ram\u00f3n Ruiz y las \u00faltimas dos temporadas Juan Miguel Suero.<\/p>\n<p>Opini\u00f3n de Gerardo<\/p>\n<p>Luego de conocer la informaci\u00f3n, Gerardo convers\u00f3 con el equipo de prensa de Indios y expres\u00f3 su satisfacci\u00f3n por recibir la distinci\u00f3n de ser el capit\u00e1n.<\/p>\n<p>\u201cMe siento muy bien por la responsabilidad que recibo y la confianza que me tienen, s\u00e9 que puedo hacer un buen trabajo con mis compa\u00f1eros en mi nuevo rol\u201d, dijo Gerardo.<\/p>\n<p>\u201cDesde el a\u00f1o pasado he estado tomando iniciativas junto a Juan Miguel y en la capital pues siempre he sido el capit\u00e1n del Mauricio, por lo que no ser\u00e1 algo nuevo para m\u00ed\u201d, agreg\u00f3.<\/p>\n","protected":false},"excerpt":{"rendered":"<p>La informaci\u00f3n fue ofrecida por el dirigente David D\u00edaz, quien destac\u00f3 las cualidades como persona y jugador que posee Gerardo para ocupar el puesto que tuvo su hermano Juan Miguel dos temporadas.<\/p>\n","protected":false},"author":16,"featured_media":60353,"comment_status":"closed","ping_status":"closed","sticky":false,"template":"","format":"standard","meta":[],"categories":[2,60],"tags":[],"acf":[],"_links":{"self":[{"href":"https:\/\/colimdo.org\/wp-api\/wp\/v2\/posts\/60352"}],"collection":[{"href":"https:\/\/colimdo.org\/wp-api\/wp\/v2\/posts"}],"about":[{"href":"https:\/\/colimdo.org\/wp-api\/wp\/v2\/types\/post"}],"author":[{"embeddable":true,"href":"https:\/\/colimdo.org\/wp-api\/wp\/v2\/users\/16"}],"replies":[{"embeddable":true,"href":"https:\/\/colimdo.org\/wp-api\/wp\/v2\/comments?post=60352"}],"version-history":[{"count":1,"href":"https:\/\/colimdo.org\/wp-api\/wp\/v2\/posts\/60352\/revisions"}],"predecessor-version":[{"id":60354,"href":"https:\/\/colimdo.org\/wp-api\/wp\/v2\/posts\/60352\/revisions\/60354"}],"wp:featuredmedia":[{"embeddable":true,"href":"https:\/\/colimdo.org\/wp-api\/wp\/v2\/media\/60353"}],"wp:attachment":[{"href":"https:\/\/colimdo.org\/wp-api\/wp\/v2\/media?parent=60352"}],"wp:term":[{"taxonomy":"category","embeddable":true,"href":"https:\/\/colimdo.org\/wp-api\/wp\/v2\/categories?post=60352"},{"taxonomy":"post_tag","embeddable":true,"href":"https:\/\/colimdo.org\/wp-api\/wp\/v2\/tags?post=60352"}],"curies":[{"name":"wp","href":"https:\/\/api.w.org\/{rel}","templated":true}]}}