{"id":60358,"date":"2019-09-04T23:21:54","date_gmt":"2019-09-04T23:21:54","guid":{"rendered":"https:\/\/colimdo.org\/?p=60358"},"modified":"2019-09-04T23:21:54","modified_gmt":"2019-09-04T23:21:54","slug":"rd-lista-reto-la-liga-naciones-la-concacaf","status":"publish","type":"post","link":"https:\/\/colimdo.org\/noticias\/rd-lista-reto-la-liga-naciones-la-concacaf\/","title":{"rendered":"RD, lista para reto de la Liga de Naciones de la Concacaf"},"content":{"rendered":"<p>EL NUEVO DIARIO, SANTO DOMINGO.- La selecci\u00f3n dominicana de f\u00fatbol (Sedofutbol) se declar\u00f3 lista para la Liga de Naciones de Concacaf, torneo que inicia este este jueves y culmina el martes las dos primeras jornadas.<\/p>\n<p>La \u00faltima sesi\u00f3n de pr\u00e1ctica del equipo dominicano ser\u00e1 este jueves, en el Estadio F\u00e9lix S\u00e1nchez, desde las 7:30 de la ma\u00f1ana. El equipo nacional tendr\u00e1 una rueda de prensa a las 9 AM.<\/p>\n<p>Los criollos jugar\u00e1n dos partidos, uno ante Montserrat como visitantes el s\u00e1bado, en el Blakes Footbal Complex, a las 3 de la tarde, mientras que el martes chocar\u00e1n ante El Salvador en el Estadio Cibao FC, a las 7 de la noche.<\/p>\n<p>El director t\u00e9cnico de la Sedofutbol, David Gonz\u00e1lez, manifest\u00f3 que conf\u00eda en sus convocados para los partidos ante Montserrat y El Salvador.<\/p>\n<p>Dijo que sus pupilos se han preparado muy bien, ya que han tenido dos amistosos importantes, uno ante Guatemala y otro partido ante la selecci\u00f3n de los Emiratos \u00c1rabes.<\/p>\n<p>Los convocados a los dos partidos son: Miguel Lloyd y Johan Guzm\u00e1n, como los dos arqueros.<\/p>\n<p>Por su parte, Ismael D\u00edaz (Pinta), Jairo Bueno, Brian L\u00f3pez, Ernesto Trinidad, Edarlyn Reyes, Adrian Salcedo y Cesar Garc\u00eda (Danco).<\/p>\n<p>Asimismo, Jean Carlos L\u00f3pez, Rafael Flores, Gerard Lavergne, Ronaldo Vasquez y Wilman Modesta.<\/p>\n<p>Mientras que Darly Batista, Juan \u00c1ngeles, Edipo Rodr\u00edguez, Joshua Gar\u00eda, Dorny Romero,<\/p>\n<p>Ahora que la Rep\u00fablica Dominicana tiene la atenci\u00f3n de la regi\u00f3n, buscar\u00e1n dar un golpe de autoridad, logrando un ascenso a la Liga A del evento.<\/p>\n","protected":false},"excerpt":{"rendered":"<p>La \u00faltima sesi\u00f3n de pr\u00e1ctica del equipo dominicano ser\u00e1 este jueves, en el Estadio F\u00e9lix S\u00e1nchez, desde las 7:30 de la ma\u00f1ana. El equipo nacional tendr\u00e1 una rueda de prensa a las 9 AM.<\/p>\n","protected":false},"author":16,"featured_media":60359,"comment_status":"closed","ping_status":"closed","sticky":false,"template":"","format":"standard","meta":[],"categories":[2,60],"tags":[],"acf":[],"_links":{"self":[{"href":"https:\/\/colimdo.org\/wp-api\/wp\/v2\/posts\/60358"}],"collection":[{"href":"https:\/\/colimdo.org\/wp-api\/wp\/v2\/posts"}],"about":[{"href":"https:\/\/colimdo.org\/wp-api\/wp\/v2\/types\/post"}],"author":[{"embeddable":true,"href":"https:\/\/colimdo.org\/wp-api\/wp\/v2\/users\/16"}],"replies":[{"embeddable":true,"href":"https:\/\/colimdo.org\/wp-api\/wp\/v2\/comments?post=60358"}],"version-history":[{"count":1,"href":"https:\/\/colimdo.org\/wp-api\/wp\/v2\/posts\/60358\/revisions"}],"predecessor-version":[{"id":60360,"href":"https:\/\/colimdo.org\/wp-api\/wp\/v2\/posts\/60358\/revisions\/60360"}],"wp:featuredmedia":[{"embeddable":true,"href":"https:\/\/colimdo.org\/wp-api\/wp\/v2\/media\/60359"}],"wp:attachment":[{"href":"https:\/\/colimdo.org\/wp-api\/wp\/v2\/media?parent=60358"}],"wp:term":[{"taxonomy":"category","embeddable":true,"href":"https:\/\/colimdo.org\/wp-api\/wp\/v2\/categories?post=60358"},{"taxonomy":"post_tag","embeddable":true,"href":"https:\/\/colimdo.org\/wp-api\/wp\/v2\/tags?post=60358"}],"curies":[{"name":"wp","href":"https:\/\/api.w.org\/{rel}","templated":true}]}}