{"id":60385,"date":"2019-09-05T17:42:58","date_gmt":"2019-09-05T17:42:58","guid":{"rendered":"https:\/\/colimdo.org\/?p=60385"},"modified":"2019-09-05T17:42:58","modified_gmt":"2019-09-05T17:42:58","slug":"cod-designan-direccion-tecnica-honor-al-profesor-done","status":"publish","type":"post","link":"https:\/\/colimdo.org\/noticias\/cod-designan-direccion-tecnica-honor-al-profesor-done\/","title":{"rendered":"COD, designan direcci\u00f3n t\u00e9cnica en honor al profesor Do\u00f1\u00e9"},"content":{"rendered":"<p class=\"x_ydp92ff40daMsoNoSpacing\"><b>SANTO DOMINGO.<\/b> El departamento t\u00e9cnico del Comit\u00e9 Ol\u00edmpico Dominicano (COD) le fue asignado el nombre profesor Nelly Manuel Do\u00f1\u00e9 en reconocimiento este jueves al fenecido y alto dirigente deportivo.<\/p>\n<p class=\"x_ydp92ff40daMsoNoSpacing\">El develamiento de una foto y el nombre del profesor Do\u00f1\u00e9 se llev\u00f3 a cabo poco despu\u00e9s de concluida la eucarist\u00eda que se llev\u00f3 a cabo al cumplirse un mes de la muerte del destacado t\u00e9cnico.<\/p>\n<p class=\"x_ydp92ff40daMsoNoSpacing\">La homil\u00eda fue oficiada por el Padre Candelario Mej\u00eda, de la Pastoral Cat\u00f3lica, y estuvo amenizada por el coro de la Fuerza A\u00e9rea de la Rep\u00fablica Dominicana.<\/p>\n<p class=\"x_ydp92ff40daMsoNoSpacing\">\u201cEl legado del profesor Do\u00f1\u00e9 lo sabemos, aqu\u00ed recordamos su memoria\u201d, manifest\u00f3 Luis Mej\u00eda, presidente del COD, quien se\u00f1al\u00f3 que la propuesta de designar el departamento t\u00e9cnico con el nuevo nombre fue aprobada a unanimidad el martes en la reuni\u00f3n del comit\u00e9 ejecutivo del organismo.<\/p>\n<p class=\"x_ydp92ff40daMsoNoSpacing\">La misa se llev\u00f3 a cabo en el sal\u00f3n de asamblea Juan Ulises Garc\u00eda Saleta, y record\u00f3 que, con la designaci\u00f3n del departamento t\u00e9cnico ya son tres las \u00e1reas nombradas con personalidades que han tenido un notable desempe\u00f1o en el \u00e1mbito deportivo y social. El otro, se\u00f1al\u00f3, es el de reuniones del ejecutivo, nombrado como Jocelyn Ramos.<\/p>\n<p class=\"x_ydp92ff40daMsoNoSpacing\">Adem\u00e1s, el personal del departamento t\u00e9cnico llevar\u00e1 en su indumentaria de trabajo las iniciales del nombre del profesor Do\u00f1\u00e9.<\/p>\n<p class=\"x_ydp92ff40daMsoNoSpacing\">Mej\u00eda revel\u00f3 que, con el paso de los d\u00edas, las federaciones deportivas nacionales ir\u00e1n haciendo diversas actividades en reconocimiento al fenecido dirigente deportivo.<\/p>\n<p class=\"x_ydp92ff40daMsoNoSpacing\">En el acto, Juan Febles Dalmas\u00ed, director t\u00e9cnico del COD, manifest\u00f3 la capacidad dirigencial de Do\u00f1\u00e9, y agreg\u00f3: \u201cEste lugar siempre ser\u00e1 el cuartel del profesor Do\u00f1\u00e9\u201d.<\/p>\n<p class=\"x_ydp92ff40daMsoNoSpacing\">El develamiento de la foto estuvo a cargo del periodista Leo Corpor\u00e1n y del hijo de Do\u00f1\u00e9, Vladimir, quien agradeci\u00f3 el reconocimiento de que fuera objeto su padre.<\/p>\n<p class=\"x_ydp92ff40daMsoNoSpacing\">En el encuentro estuvieron adem\u00e1s Tony Mesa, director t\u00e9cnico del Ministerio de Deportes, as\u00ed como An\u00edbal Portorreal, en representaci\u00f3n del ministro deportivo Danilo D\u00edaz Vizca\u00edno.<\/p>\n<p class=\"x_ydp92ff40daMsoNoSpacing\">Tambi\u00e9n se dieron cita miembros del comit\u00e9 ejecutivo del COD, atletas, familiares y presidentes de federaciones.<\/p>\n","protected":false},"excerpt":{"rendered":"<p>El develamiento de una foto y el nombre del profesor Do\u00f1\u00e9 se llev\u00f3 a cabo poco despu\u00e9s de concluida la eucarist\u00eda que se llev\u00f3 a cabo al cumplirse un mes de la muerte del destacado t\u00e9cnico.<\/p>\n","protected":false},"author":19,"featured_media":60386,"comment_status":"closed","ping_status":"closed","sticky":false,"template":"","format":"standard","meta":[],"categories":[2,60],"tags":[],"acf":[],"_links":{"self":[{"href":"https:\/\/colimdo.org\/wp-api\/wp\/v2\/posts\/60385"}],"collection":[{"href":"https:\/\/colimdo.org\/wp-api\/wp\/v2\/posts"}],"about":[{"href":"https:\/\/colimdo.org\/wp-api\/wp\/v2\/types\/post"}],"author":[{"embeddable":true,"href":"https:\/\/colimdo.org\/wp-api\/wp\/v2\/users\/19"}],"replies":[{"embeddable":true,"href":"https:\/\/colimdo.org\/wp-api\/wp\/v2\/comments?post=60385"}],"version-history":[{"count":1,"href":"https:\/\/colimdo.org\/wp-api\/wp\/v2\/posts\/60385\/revisions"}],"predecessor-version":[{"id":60387,"href":"https:\/\/colimdo.org\/wp-api\/wp\/v2\/posts\/60385\/revisions\/60387"}],"wp:featuredmedia":[{"embeddable":true,"href":"https:\/\/colimdo.org\/wp-api\/wp\/v2\/media\/60386"}],"wp:attachment":[{"href":"https:\/\/colimdo.org\/wp-api\/wp\/v2\/media?parent=60385"}],"wp:term":[{"taxonomy":"category","embeddable":true,"href":"https:\/\/colimdo.org\/wp-api\/wp\/v2\/categories?post=60385"},{"taxonomy":"post_tag","embeddable":true,"href":"https:\/\/colimdo.org\/wp-api\/wp\/v2\/tags?post=60385"}],"curies":[{"name":"wp","href":"https:\/\/api.w.org\/{rel}","templated":true}]}}