{"id":60400,"date":"2019-09-06T00:32:48","date_gmt":"2019-09-06T00:32:48","guid":{"rendered":"https:\/\/colimdo.org\/?p=60400"},"modified":"2019-09-06T00:32:48","modified_gmt":"2019-09-06T00:32:48","slug":"francisco-camacho-anuncia-torneos-nacionales-taekwondo","status":"publish","type":"post","link":"https:\/\/colimdo.org\/noticias\/francisco-camacho-anuncia-torneos-nacionales-taekwondo\/","title":{"rendered":"Francisco Camacho anuncia Torneos Nacionales de Taekwondo"},"content":{"rendered":"<p>SANTO DOMINGO.- Francisco Camacho, presidente de la Federaci\u00f3n Dominicana de Taekwondo, asegur\u00f3 que todo est\u00e1 listo para la celebraci\u00f3n tanto del campeonato nacional juvenil como del superior.<\/p>\n<p>\u201cEstos eventos nos permiten mantener en actividad a nuestros competidores, pero tambi\u00e9n nos facilitan detectar nuevos talentos\u201d, agreg\u00f3 el principal dirigente del taekwondo dominicano.<\/p>\n<p>Expuso que la justa reune competidores de todas las provincias del pa\u00eds, afiliadas a la entidad rectora del taekwondo nacional.<\/p>\n<p>Agreg\u00f3 que las competencias iniciar\u00e1n ma\u00f1ana (s\u00e1bado) y finalizar\u00e1n al d\u00eda siguiente (domingo).<\/p>\n<p>\u201cSe competir\u00e1 durante todo el d\u00eda, tanto el s\u00e1bado como el domingo\u201d, a\u00f1adi\u00f3.<\/p>\n<p>Resalt\u00f3 que las delegaciones llegar\u00e1n este viernes.<\/p>\n<p>De su lado, Oscar Maldonado, secretario general de la federaci\u00f3n de taekwondo, resalt\u00f3 el entusiasmo que tradicionalmente despiertan estos campeonatos. \u201cEste a\u00f1o no es la excepci\u00f3n y todo apunta a que celebraremos dos grandes eventos nacionales\u201d, dijo. Destac\u00f3 que vienen competidores de San Juan, Santiago, Monte Plata, Peravia, la Altagracia, Duarte, Puerto Plata, San Pedro de Macor\u00eds, La Romana, Azua, Barahona, entre otras. Adem\u00e1s, participar\u00e1n los representantes del Distrito Nacional y la Provincia Santo Domingo.<\/p>\n","protected":false},"excerpt":{"rendered":"<p>Los mejores competidores del taekwondo de la Rep\u00fablica Dominicana, tanto en la categor\u00eda superior como en la juvenil, accionar\u00e1n en los campeonatos nacionales, a celebrarse este fin de semana (s\u00e1bado y domingo) en el Pabell\u00f3n de Combate del Centro Ol\u00edmpico Juan Pablo Duarte.<\/p>\n","protected":false},"author":16,"featured_media":60401,"comment_status":"closed","ping_status":"closed","sticky":false,"template":"","format":"standard","meta":[],"categories":[2,60],"tags":[],"acf":[],"_links":{"self":[{"href":"https:\/\/colimdo.org\/wp-api\/wp\/v2\/posts\/60400"}],"collection":[{"href":"https:\/\/colimdo.org\/wp-api\/wp\/v2\/posts"}],"about":[{"href":"https:\/\/colimdo.org\/wp-api\/wp\/v2\/types\/post"}],"author":[{"embeddable":true,"href":"https:\/\/colimdo.org\/wp-api\/wp\/v2\/users\/16"}],"replies":[{"embeddable":true,"href":"https:\/\/colimdo.org\/wp-api\/wp\/v2\/comments?post=60400"}],"version-history":[{"count":1,"href":"https:\/\/colimdo.org\/wp-api\/wp\/v2\/posts\/60400\/revisions"}],"predecessor-version":[{"id":60402,"href":"https:\/\/colimdo.org\/wp-api\/wp\/v2\/posts\/60400\/revisions\/60402"}],"wp:featuredmedia":[{"embeddable":true,"href":"https:\/\/colimdo.org\/wp-api\/wp\/v2\/media\/60401"}],"wp:attachment":[{"href":"https:\/\/colimdo.org\/wp-api\/wp\/v2\/media?parent=60400"}],"wp:term":[{"taxonomy":"category","embeddable":true,"href":"https:\/\/colimdo.org\/wp-api\/wp\/v2\/categories?post=60400"},{"taxonomy":"post_tag","embeddable":true,"href":"https:\/\/colimdo.org\/wp-api\/wp\/v2\/tags?post=60400"}],"curies":[{"name":"wp","href":"https:\/\/api.w.org\/{rel}","templated":true}]}}