{"id":60428,"date":"2019-09-06T16:51:35","date_gmt":"2019-09-06T16:51:35","guid":{"rendered":"https:\/\/colimdo.org\/?p=60428"},"modified":"2019-09-06T16:51:35","modified_gmt":"2019-09-06T16:51:35","slug":"yamilet-pena-abre-escuela-crear-nueva-generacion-gimnastas","status":"publish","type":"post","link":"https:\/\/colimdo.org\/noticias\/yamilet-pena-abre-escuela-crear-nueva-generacion-gimnastas\/","title":{"rendered":"Yamilet Pe\u00f1a abre escuela para crear nueva generaci\u00f3n de gimnastas"},"content":{"rendered":"<div id=\"ArticleBody\">\n<p><strong>LISTIN DIARIO.-<\/strong> La laureada gimnasta Yamilet Pe\u00f1a ha iniciado un recorrido como complemento de su carrera deportiva.<\/p>\n<p>Ha comenzado con una academia de gimnasia destinada especialmente a expandir ese deporte en un sector donde no ha llegado esa disciplina: El ensanche Kennedy.<\/p>\n<p>Ah\u00ed, Yamilet Pe\u00f1a abri\u00f3 en mayo pasado la Academia de Gimnasia Art\u00edstica y en tan s\u00f3lo cuatro meses tiene medio centenar de ni\u00f1as y adolescentes.<\/p>\n<p>El prop\u00f3sito es \u201cpasar mis conocimiento a otra generaci\u00f3n\u201d. \u201cNo quiero que lo que he aprendido con los a\u00f1os se quede con Yamilet (Pe\u00f1a)\u201d, manifest\u00f3 Pe\u00f1a, nacida el 26 de diciembre de 1992.<\/p>\n<p>La ganadora de medalla de oro en los Juegos Centroamericanos y del Caribe de Barranquilla, Colombia 2018 deja claro que el establecimiento de esa academia no significa que est\u00e9 poniendo fin a su carrera.<\/p>\n<p>\u201cA\u00fan tengo una meta inmediata que son los Juegos Ol\u00edmpicos de Tokio\u201d, expresa la distinguida deportista de 26 a\u00f1os y especialista en el salto \u201cProdunova\u201d.<\/p>\n<p>En octubre pr\u00f3ximo tiene planeado asistir al Campeonato Mundial donde espera conseguir su calificaci\u00f3n para las olimp\u00edadas de Tikio 2020.<\/p>\n<p>\u201cNos estamos preparando para lograr la clasificaci\u00f3n, porque mi meta es Tok\u00edo\u201d, agrega Pe\u00f1a graduada de psicolog\u00eda de la Universidad Unibe.<\/p>\n<p>La academia es una novedad en el ensanche Kennedy. El mismo est\u00e1 situado en la calle segunda, en jun edificio de dos niveles.<\/p>\n<p>All\u00ed tiene la asistencia de dos ex gimnastas. Uno es Roichi Garc\u00eda y el otro es Julio C\u00e9sar \u00c1ngeles, quienes tuvieron en la selecci\u00f3n nacional de gimnasia.<\/p>\n<p>El local, que consta de dos niveles, tiene un amplio sal\u00f3n de unos 400 metros en el primer nivel, donde tiene instalados modernos aparatos, entre los que figuran barras, viga de equilibrio, caballo de salto, argollas, entre otros con un moderno piso. Todos tra\u00eddos desde M\u00e9xico con recursos propios y la ayuda de algunas entidades privadas entre las que cita ARS Universal.<\/p>\n<p>Paulatinamente ir\u00e1 a\u00f1adiendo m\u00e1s aparatos seg\u00fan la demanda.<\/p>\n<p>Aunque el gimnasio se ha preparado para ni\u00f1os y adolescentes, tambi\u00e9n tiene sesiones para personas crosifits y clases personalizadas de preparaci\u00f3n f\u00edsica.<\/p>\n<p>\u201cEstoy muy contenta con este proyecto y hemos tenido muy buena respuesta porque est\u00e1n llegando muchas ni\u00f1as\u201d, expresa con entusiasmo Pe\u00f1a ganadora de medalla de plata en campeonatos mundiales de gimnasia art\u00edstica.<\/p>\n<p>Hab\u00eda trabajado de enero al mes de mayo en la planificaci\u00f3n de la academia, pensada para motivar a ni\u00f1os y adolescentes a practicar esta especialidad, adem\u00e1s quiere dejar un legado tomando como base toda su especiencia de una atleta internacional que ha pisado los escenarios m\u00e1s altos del mundo, incluyendo su participaci\u00f3n en los Juegos Ol\u00edmpicos de Londres 2012.<\/p>\n<p>Pe\u00f1a agradece el apoyo privado que le ha llegado para echar adelante su proyecto que a\u00fan est\u00e1 en ciernes, pero que asegura que el mismo tendr\u00e1 \u00e9xitos.<\/p>\n<p>La tambi\u00e9n ganadora de medalla de oro en el campeonato Panamericano de 2012 de Gimnasia, ha comenzado a visitar algunos colegios para motivar a abrir escuelas de gimnasia. \u201cEse es un nicho que debemos explotar porque ah\u00ed hay talentos que podemos incorporar a la practica de la gimnasia\u201d, afirma Pe\u00f1a, quien tambi\u00e9n ha recibido el premio Atleta del A\u00f1o de gimnasia en 2008 y 2013 respectivamente, que entrega el Comit\u00e9 Ol\u00edmpico Dominicano. Tambi\u00e9n ha ido premiada por la Asociaci\u00f3n de Cronistas Deportivos de Santo Domingo.<\/p>\n<p>Su carrera\u00a0 en la gimnasia art\u00edstica es un referente. Es la atleta femenina que m\u00e1s lejos ha llegado en ese deporte, especialmente por la ejecuci\u00f3n del santo \u201cprodunova\u201d que consiste en una ejeci\u00f3n de un salto dobleal frene de resorte en la b\u00f3veda.<\/p>\n<p>En el mundo de la gimnasia es conocida como la \u201cChiqui\u201d por su bja estatura y es\u00a0 admiradora de la m\u00fasica de Juan Luis Guerra.<\/p>\n<p>En lo adelante Yamilet Pe\u00f1a ha hecho historia en la gimnasia art\u00edstica femenina. El establecimiento de la academia es un eslab\u00f3n m\u00e1s que se agrega a su carrera como deportistas exponente del deporte de la gimnasia.<\/p>\n<p><strong>Cifras 50<br \/>\nNi\u00f1os en academia.<\/strong><br \/>\nLa matr\u00edcula de ni\u00f1os est\u00e1 en ascenso en la reci\u00e9n abierta academia de Yamilet, quien siente una gran pasi\u00f3n por su nuevo rol en el deporte.<\/p>\n<p><strong>26<br \/>\nA\u00f1os de edad.<\/strong><br \/>\nA sus 26 a\u00f1os de edad la m\u00e1s importante atleta femenina en el \u00e1rea de la gimnasia espera representar al pa\u00eds en los Juegos de Tokio 2020.<\/p>\n<p><strong>20<br \/>\nVeinte a\u00f1os atr\u00e1s.<\/strong><br \/>\nComo de los ni\u00f1os que hoy recibe, hace veinte a\u00f1os atr\u00e1s Yamilet se inicia con seis a\u00f1os al club Monte Sarmiento, en el pabell\u00f3n de gimnasia del Centro Ol\u00edmpico.<\/p>\n<\/div>\n","protected":false},"excerpt":{"rendered":"<p>Ha comenzado con una academia de gimnasia destinada especialmente a expandir ese deporte en un sector donde no ha llegado esa disciplina: El ensanche Kennedy.<\/p>\n","protected":false},"author":19,"featured_media":60429,"comment_status":"closed","ping_status":"closed","sticky":false,"template":"","format":"standard","meta":[],"categories":[2,60],"tags":[],"acf":[],"_links":{"self":[{"href":"https:\/\/colimdo.org\/wp-api\/wp\/v2\/posts\/60428"}],"collection":[{"href":"https:\/\/colimdo.org\/wp-api\/wp\/v2\/posts"}],"about":[{"href":"https:\/\/colimdo.org\/wp-api\/wp\/v2\/types\/post"}],"author":[{"embeddable":true,"href":"https:\/\/colimdo.org\/wp-api\/wp\/v2\/users\/19"}],"replies":[{"embeddable":true,"href":"https:\/\/colimdo.org\/wp-api\/wp\/v2\/comments?post=60428"}],"version-history":[{"count":1,"href":"https:\/\/colimdo.org\/wp-api\/wp\/v2\/posts\/60428\/revisions"}],"predecessor-version":[{"id":60430,"href":"https:\/\/colimdo.org\/wp-api\/wp\/v2\/posts\/60428\/revisions\/60430"}],"wp:featuredmedia":[{"embeddable":true,"href":"https:\/\/colimdo.org\/wp-api\/wp\/v2\/media\/60429"}],"wp:attachment":[{"href":"https:\/\/colimdo.org\/wp-api\/wp\/v2\/media?parent=60428"}],"wp:term":[{"taxonomy":"category","embeddable":true,"href":"https:\/\/colimdo.org\/wp-api\/wp\/v2\/categories?post=60428"},{"taxonomy":"post_tag","embeddable":true,"href":"https:\/\/colimdo.org\/wp-api\/wp\/v2\/tags?post=60428"}],"curies":[{"name":"wp","href":"https:\/\/api.w.org\/{rel}","templated":true}]}}