{"id":60434,"date":"2019-09-06T18:40:23","date_gmt":"2019-09-06T18:40:23","guid":{"rendered":"https:\/\/colimdo.org\/?p=60434"},"modified":"2019-09-06T18:40:23","modified_gmt":"2019-09-06T18:40:23","slug":"medallistas-paralimpicos-recibiran-incentivo-entraran-al-parni","status":"publish","type":"post","link":"https:\/\/colimdo.org\/noticias\/medallistas-paralimpicos-recibiran-incentivo-entraran-al-parni\/","title":{"rendered":"Medallistas Paral\u00edmpicos recibir\u00e1n incentivo y entrar\u00e1n al PARNI"},"content":{"rendered":"<p class=\"x_ydp76f603aeMsoNoSpacing\"><b><span lang=\"ES-DO\">SANTO DOMINGO<\/span><\/b><span lang=\"ES-DO\">. Los atletas medallistas en los reci\u00e9n finalizados Juegos ParaPanamericanos de Lima, Per\u00fa, tambi\u00e9n ser\u00e1n premiados e incluidos en el programa PARNI.<\/span><\/p>\n<p class=\"x_ydp76f603aeMsoNoSpacing\"><span lang=\"ES-DO\">Alegr\u00eda y regocijo vivieron los deportistas este viernes al conocer la noticia durante el encuentro de reconocimiento que rindi\u00f3 el Comit\u00e9 Ol\u00edmpico Dominicano y funcionarios del Ministerio de Deportes.<\/span><\/p>\n<p class=\"x_ydp76f603aeMsoNoSpacing\"><span lang=\"ES-DO\">La representaci\u00f3n dominicana obtuvo tres medallas de plata y dos de bronce en la cita ParaPanamericana.<\/span><\/p>\n<p class=\"x_ydp76f603aeMsoNoSpacing\"><span lang=\"ES-DO\">Soterio Ram\u00edrez, del Ministerio de Deportes, en representaci\u00f3n del titular de esa cartera, licenciado Danilo D\u00edaz, anunci\u00f3 que los medallistas de plata recibir\u00e1n un incentivo de 125 mil pesos, mientras que a los de bronce se les entregar\u00e1 85 mil pesos.<\/span><\/p>\n<p class=\"x_ydp76f603aeMsoNoSpacing\"><span lang=\"ES-DO\">Mientras, Tony Mesa, director t\u00e9cnico del Ministerio de Deportes, revel\u00f3 que los medallistas paral\u00edmpicos de plata ser\u00e1n incluidos en el Programa PARNI con un salario de 30 mil pesos al mes, en tanto que los de bronce se les asignar\u00e1n un sueldo de 25 mil pesos.<\/span><\/p>\n<p class=\"x_ydp76f603aeMsoNoSpacing\"><span lang=\"ES-DO\">Mesa tambi\u00e9n inform\u00f3 que los entrenadores que trabajan con los atletas Paral\u00edmpicos tambi\u00e9n ser\u00e1n nombrados.<\/span><\/p>\n<p class=\"x_ydp76f603aeMsoNoSpacing\"><span lang=\"ES-DO\">Al darse a conocer la informaci\u00f3n, el presidente del Comit\u00e9 Ol\u00edmpico Dominicano (COD), licenciado Luis Mej\u00eda Oviedo, aplaudi\u00f3 la decisi\u00f3n y manifest\u00f3 que \u201ces un reconocimiento al trabajo y el esfuerzo de cada uno de los atletas paral\u00edmpicos por sus condiciones de discapacidad\u201d.<\/span><\/p>\n<p class=\"x_ydp76f603aeMsoNoSpacing\"><span lang=\"ES-DO\">Mej\u00eda se\u00f1al\u00f3 que la delegaci\u00f3n Paral\u00edmpica, integrada por 37 personas, incluidos 17 atletas, hizo el viaje a Lima, Per\u00fa con el aporte del Gobierno a trav\u00e9s del Ministerio de Deportes, as\u00ed como otras instituciones, incluidas algunas federaciones deportivas nacionales.<\/span><\/p>\n<p class=\"x_ydp76f603aeMsoNoSpacing\"><span lang=\"ES-DO\">\u201cHa sido un esfuerzo combinado. Han defendido su espacio con un esfuerzo gigantesco\u201d, dijo Mej\u00eda.<\/span><\/p>\n<p class=\"x_ydp76f603aeMsoNoSpacing\"><span lang=\"ES-DO\">Eladio Agramonte, presidente del Comit\u00e9 Paral\u00edmpico, dijo estar satisfecho por el deber cumplido, al tiempo de se\u00f1alar que \u201caqu\u00ed est\u00e1n los resultados del esfuerzo que hace el Comit\u00e9 Paral\u00edmpico y sus t\u00e9cnicos\u201d.<\/span><\/p>\n<p class=\"x_ydp76f603aeMsoNoSpacing\"><span lang=\"ES-DO\">El dirigente deportivo adelant\u00f3 que cerca de cuatro atletas est\u00e1n pr\u00f3ximo a lograr sus respectivas clasificaciones para los Juegos Paral\u00edmpicos de Tokio 2020.<\/span><\/p>\n<p class=\"x_ydp76f603aeMsoNoSpacing\"><span lang=\"ES-DO\">En el acto de distinci\u00f3n, estuvieron los medallas paral\u00edmpicos Nathanael S\u00e1nchez, plata y bronce en atletismo; Geraldo Castro, plata en taekwondo, mientras que Alejandra Aybar, plata en nataci\u00f3n, estuvo ausente ya que se encuentra en Londres en busca de su boleto para los Juegos Paral\u00edmpicos del pr\u00f3ximo a\u00f1o.<\/span><\/p>\n<p class=\"x_ydp76f603aeMsoNoSpacing\"><span lang=\"ES-DO\">Tampoco asisti\u00f3 Jos\u00e9 Frank Rodr\u00edguez, bronce en ciclismo de pista, por encontrarse en la ciudad de Miami.<\/span><\/p>\n<p class=\"x_ydp76f603aeMsoNoSpacing\"><span lang=\"ES-DO\">Adem\u00e1s de los otros integrantes de la delegaci\u00f3n, estuvieron en el acto los miembros del comit\u00e9 ejecutivo del COD; Antonio Acosta, Gilberto Garc\u00eda, Luis Chanlatte, Rafael Villalona, Dulce Mar\u00eda Pi\u00f1a, Nelson Ram\u00edrez y Gerardo Suero Correa, as\u00ed como Ram\u00f3n Cuello, presidente de la ACD; Radam\u00e9s Tavarez y Miguel Rivera, presidentes de las federaciones de nataci\u00f3n y balonmano, respectivamente.<\/span><\/p>\n","protected":false},"excerpt":{"rendered":"<p>Alegr\u00eda y regocijo vivieron los deportistas este viernes al conocer la noticia durante el encuentro de reconocimiento que rindi\u00f3 el Comit\u00e9 Ol\u00edmpico Dominicano y funcionarios del Ministerio de Deportes.<\/p>\n","protected":false},"author":19,"featured_media":60435,"comment_status":"closed","ping_status":"closed","sticky":false,"template":"","format":"standard","meta":[],"categories":[2,60],"tags":[],"acf":[],"_links":{"self":[{"href":"https:\/\/colimdo.org\/wp-api\/wp\/v2\/posts\/60434"}],"collection":[{"href":"https:\/\/colimdo.org\/wp-api\/wp\/v2\/posts"}],"about":[{"href":"https:\/\/colimdo.org\/wp-api\/wp\/v2\/types\/post"}],"author":[{"embeddable":true,"href":"https:\/\/colimdo.org\/wp-api\/wp\/v2\/users\/19"}],"replies":[{"embeddable":true,"href":"https:\/\/colimdo.org\/wp-api\/wp\/v2\/comments?post=60434"}],"version-history":[{"count":1,"href":"https:\/\/colimdo.org\/wp-api\/wp\/v2\/posts\/60434\/revisions"}],"predecessor-version":[{"id":60436,"href":"https:\/\/colimdo.org\/wp-api\/wp\/v2\/posts\/60434\/revisions\/60436"}],"wp:featuredmedia":[{"embeddable":true,"href":"https:\/\/colimdo.org\/wp-api\/wp\/v2\/media\/60435"}],"wp:attachment":[{"href":"https:\/\/colimdo.org\/wp-api\/wp\/v2\/media?parent=60434"}],"wp:term":[{"taxonomy":"category","embeddable":true,"href":"https:\/\/colimdo.org\/wp-api\/wp\/v2\/categories?post=60434"},{"taxonomy":"post_tag","embeddable":true,"href":"https:\/\/colimdo.org\/wp-api\/wp\/v2\/tags?post=60434"}],"curies":[{"name":"wp","href":"https:\/\/api.w.org\/{rel}","templated":true}]}}