{"id":60440,"date":"2019-09-06T23:03:49","date_gmt":"2019-09-06T23:03:49","guid":{"rendered":"https:\/\/colimdo.org\/?p=60440"},"modified":"2019-09-06T23:03:49","modified_gmt":"2019-09-06T23:03:49","slug":"hernandez-buscara-este-sabado-conquistar-titulo-torneo-m25-espana","status":"publish","type":"post","link":"https:\/\/colimdo.org\/noticias\/hernandez-buscara-este-sabado-conquistar-titulo-torneo-m25-espana\/","title":{"rendered":"Hern\u00e1ndez buscar\u00e1 este s\u00e1bado conquistar el t\u00edtulo en el torneo M25 en Espa\u00f1a"},"content":{"rendered":"<p>El tenista dominicano Jos\u00e9-Bebo- Hern\u00e1ndez disputar\u00e1 este s\u00e1bado la final del M25 Oviedo, torneo que se disputa en Espa\u00f1a.<\/p>\n<p>Hern\u00e1ndez super\u00f3 al brasile\u00f1o Orlando Luz por 6-2 y 6-3 en su enfrentamiento de este viernes y enfrentar\u00e1 en la final al espa\u00f1ol Oriol Roca, quien evit\u00f3 que la final fuera netamente dominicana, al derrotar por 6-1 y 6-4 al tambi\u00e9n quisqueyano Roberto Cid.<\/p>\n<p>Hern\u00e1ndez y Cid, quienes ocupan los lugares 252 y 307 del ranking ATP, que son la segunda y cuarta raqueta de la Confederaci\u00f3n de Tenis de Centroam\u00e9rica y el Caribe.<\/p>\n<p>Ambos tenistas son miembros del seleccionado dominicano de Copa Davis y estuvieron representando a su pa\u00eds en los pasados Juegos Panamericanos, efectuados este a\u00f1o en Lima, Per\u00fa.<\/p>\n","protected":false},"excerpt":{"rendered":"<p>Hern\u00e1ndez super\u00f3 al brasile\u00f1o Orlando Luz por 6-2 y 6-3 en su enfrentamiento de este viernes y enfrentar\u00e1 en la final al espa\u00f1ol Oriol Roca<\/p>\n","protected":false},"author":16,"featured_media":60441,"comment_status":"closed","ping_status":"closed","sticky":false,"template":"","format":"standard","meta":[],"categories":[2,60],"tags":[],"acf":[],"_links":{"self":[{"href":"https:\/\/colimdo.org\/wp-api\/wp\/v2\/posts\/60440"}],"collection":[{"href":"https:\/\/colimdo.org\/wp-api\/wp\/v2\/posts"}],"about":[{"href":"https:\/\/colimdo.org\/wp-api\/wp\/v2\/types\/post"}],"author":[{"embeddable":true,"href":"https:\/\/colimdo.org\/wp-api\/wp\/v2\/users\/16"}],"replies":[{"embeddable":true,"href":"https:\/\/colimdo.org\/wp-api\/wp\/v2\/comments?post=60440"}],"version-history":[{"count":1,"href":"https:\/\/colimdo.org\/wp-api\/wp\/v2\/posts\/60440\/revisions"}],"predecessor-version":[{"id":60442,"href":"https:\/\/colimdo.org\/wp-api\/wp\/v2\/posts\/60440\/revisions\/60442"}],"wp:featuredmedia":[{"embeddable":true,"href":"https:\/\/colimdo.org\/wp-api\/wp\/v2\/media\/60441"}],"wp:attachment":[{"href":"https:\/\/colimdo.org\/wp-api\/wp\/v2\/media?parent=60440"}],"wp:term":[{"taxonomy":"category","embeddable":true,"href":"https:\/\/colimdo.org\/wp-api\/wp\/v2\/categories?post=60440"},{"taxonomy":"post_tag","embeddable":true,"href":"https:\/\/colimdo.org\/wp-api\/wp\/v2\/tags?post=60440"}],"curies":[{"name":"wp","href":"https:\/\/api.w.org\/{rel}","templated":true}]}}