{"id":60443,"date":"2019-09-06T23:07:36","date_gmt":"2019-09-06T23:07:36","guid":{"rendered":"https:\/\/colimdo.org\/?p=60443"},"modified":"2019-09-06T23:07:36","modified_gmt":"2019-09-06T23:07:36","slug":"citan-edecanes-actuantes-salon-la-fama-san-pedro-macoris","status":"publish","type":"post","link":"https:\/\/colimdo.org\/noticias\/citan-edecanes-actuantes-salon-la-fama-san-pedro-macoris\/","title":{"rendered":"Citan edecanes y actuantes Sal\u00f3n de la Fama San Pedro de Macor\u00eds"},"content":{"rendered":"<p>SAN PEDRO DE MACORIS. El Sal\u00f3n de la Fama de Deportistas Petromacorisanos dio a conocer el personal que trabajar\u00e1 como actuantes y edecanes del Und\u00e9cimo Ceremonial que se realizar\u00e1 este domingo 8.<\/p>\n<p>La instituci\u00f3n, a trav\u00e9s de su presidente Juan Eric Yermenos, record\u00f3 que siete deportistas ser\u00e1n inmortalizados ma\u00f1ana en un acto programado para efectuarse desde las 11:00 de la ma\u00f1ana en el sal\u00f3n Francisco Comarazamy, de la Alcald\u00eda Municipal.<\/p>\n<p>Los exaltados, luego de ser electos durante el proceso de depuraci\u00f3n de los expedientes, ser\u00e1n Fernando Tatis, en b\u00e9isbol profesional y Adalberto -Babo- D\u00edaz, en aficionados; las ex pesistas Wendy Santana y Guillermina Candelario; Eliezer Madrigal, en baloncesto; Glennys Cepeda, tenis de campo y Agust\u00edn Santana, como propulsor.<\/p>\n<p>Candelario tendr\u00e1 como edec\u00e1n al selecci\u00f3n nacional de pesas Mario Castro, en tanto que su compa\u00f1era Santana desfilar\u00e1 con y Madrigal tendr[a la compa\u00f1\u00eda de Miguel Rojo.<\/p>\n<p>Mientras que Santiago Cepeda, Rodolfo Carty, Francis Alizabeth Peguero y Eliah Tatis ser\u00e1n los edecanes de Glennys, Adalberto, Agust\u00edn y Fernando, respectivamente.<\/p>\n<p>El Ceremonial estar\u00e1 dedicado a la destacada educadora Elsa Wells y Carlos Dijols ser\u00e1 el Presidente de Honor, la persona responsable de presidir y dirigir el acto de inmortalizaci\u00f3n, junto con el presidente del Sal\u00f3n de la Fama, Eric Yermenos y el vicepresidente.<\/p>\n<p>Actuantes<\/p>\n<p>Yermenos inform\u00f3 que los actuantes ser\u00e1n Daniel Javier y Crismery Santana, que har\u00e1n el ritual de las banderas portando, respectivamente, el lienzo patrio y el del Sal\u00f3n de la Fama. Tendr\u00e1n como acompa\u00f1antes a Gregory N\u00fa\u00f1ez y Ariel Mart\u00ednez Jim\u00e9nez.<\/p>\n<p>El laurel ser\u00e1 portado por Tomasa G\u00f3mez y el machete por Jos\u00e9 Guarionex Dom\u00ednguez, junto con Roismailyn Aquino Pascual y Albi Oscar Mej\u00eda<\/p>\n<p>Rafae\u00f1 V\u00f3lquez interpretar\u00e1 las notas del Himno Nacional, el pastor Rub\u00e9n Ventura la invocaci\u00f3n a Dios y Raymundo Gantier dar\u00e1 la bienvenida oficial.<\/p>\n<p>De igual modo, Calazan omar Cepeda har\u00e1 la dedicatoria del Ceremonial. Adem\u00e1s del reconocimiento provincial a Elsa Wells, el Sal\u00f3n de la Fama reconocer\u00e1 los aportes de Andr\u00e9s D\u00edaz Arriaga al deporte y en particular a las pesas, en la regi\u00f3n Este del pa\u00eds.<\/p>\n<p>Otros actuantes lo ser\u00e1n Beatriz Pir\u00f3n, que tendr\u00e1 a su cargo la alegor\u00eda al m\u00e9rito, Jos\u00e9 Manuel Glass Guti\u00e9rrez congratular\u00e1 a los nuevos inmortales, Isabel Matos leer\u00e1 el mensaje de la prensa deportiva, Joaqu\u00edn Albizu har\u00e1 el brindis de honor por los exaltados. Finalmente, Atilio de Fr\u00edas ser\u00e1 presentado como Presidente de Honor del XII Ceremonial que tendr\u00e1 lugar el segundo domingo de septiembre del pr\u00f3ximo a\u00f1o.<\/p>\n<p>El acto de exaltaci\u00f3n del Sal\u00f3n de la Fama tendr\u00e1 el respaldo del Ministerio de Deportes, Alcald\u00eda Minicipal, EGE Haina, Hipertiendas Iberia, Central Romana, Consejo Estatal del Az\u00facar, Gobernaci\u00f3n Provincial, Ferquido, Ingenio Cristobal Col\u00f3n (CAEI), C\u00e9sar Iglesias, Barrick Pueblo Viejo, Texaco Central, Centro M\u00e9dico Franklin Pe\u00f1a, Estrellas Orientales, Kamael CxA (Kalil Hach\u00e9), Agua Larimar y Chach\u00ed Motors.<\/p>\n","protected":false},"excerpt":{"rendered":"<p>La instituci\u00f3n, a trav\u00e9s de su presidente Juan Eric Yermenos, record\u00f3 que siete deportistas ser\u00e1n inmortalizados ma\u00f1ana en un acto programado para efectuarse desde las 11:00 de la ma\u00f1ana en el sal\u00f3n Francisco Comarazamy, de la Alcald\u00eda Municipal.<\/p>\n","protected":false},"author":16,"featured_media":60444,"comment_status":"closed","ping_status":"closed","sticky":false,"template":"","format":"standard","meta":[],"categories":[2,60],"tags":[],"acf":[],"_links":{"self":[{"href":"https:\/\/colimdo.org\/wp-api\/wp\/v2\/posts\/60443"}],"collection":[{"href":"https:\/\/colimdo.org\/wp-api\/wp\/v2\/posts"}],"about":[{"href":"https:\/\/colimdo.org\/wp-api\/wp\/v2\/types\/post"}],"author":[{"embeddable":true,"href":"https:\/\/colimdo.org\/wp-api\/wp\/v2\/users\/16"}],"replies":[{"embeddable":true,"href":"https:\/\/colimdo.org\/wp-api\/wp\/v2\/comments?post=60443"}],"version-history":[{"count":1,"href":"https:\/\/colimdo.org\/wp-api\/wp\/v2\/posts\/60443\/revisions"}],"predecessor-version":[{"id":60445,"href":"https:\/\/colimdo.org\/wp-api\/wp\/v2\/posts\/60443\/revisions\/60445"}],"wp:featuredmedia":[{"embeddable":true,"href":"https:\/\/colimdo.org\/wp-api\/wp\/v2\/media\/60444"}],"wp:attachment":[{"href":"https:\/\/colimdo.org\/wp-api\/wp\/v2\/media?parent=60443"}],"wp:term":[{"taxonomy":"category","embeddable":true,"href":"https:\/\/colimdo.org\/wp-api\/wp\/v2\/categories?post=60443"},{"taxonomy":"post_tag","embeddable":true,"href":"https:\/\/colimdo.org\/wp-api\/wp\/v2\/tags?post=60443"}],"curies":[{"name":"wp","href":"https:\/\/api.w.org\/{rel}","templated":true}]}}