{"id":60446,"date":"2019-09-06T23:10:38","date_gmt":"2019-09-06T23:10:38","guid":{"rendered":"https:\/\/colimdo.org\/?p=60446"},"modified":"2019-09-06T23:10:38","modified_gmt":"2019-09-06T23:10:38","slug":"ana-rosa-oro-elmert-ramirez-plata-santo-domingo-panam-open-judo","status":"publish","type":"post","link":"https:\/\/colimdo.org\/noticias\/ana-rosa-oro-elmert-ramirez-plata-santo-domingo-panam-open-judo\/","title":{"rendered":"Ana Rosa oro y Elmert Ram\u00edrez plata en Santo Domingo Panam Open Judo"},"content":{"rendered":"<p><b><span lang=\"ES-DO\">SANTO DOMINGO.<\/span><\/b><span lang=\"ES-DO\">\u00a0Ana Rosa logr\u00f3 la medalla de oro, Elmert Ram\u00edrez plata y Estefan\u00eda Soriano bronce en la primera jornada este s\u00e1bado del\u00a0<\/span><span lang=\"ES-DO\">Santo Domingo Panamerican Open de Judo 2019, clasificatorio para los Juegos Ol\u00edmpicos Tokio 2020, que se celebra en el Pabell\u00f3n de Balonmano del Parque del Este con una dedicaci\u00f3n a Mayobanex Escoto, director del INVI.<\/span><\/p>\n<p><span lang=\"ES-DO\">Los tambi\u00e9n dominicanos Luis P\u00e9rez y V\u00edctor Pe\u00f1a tambi\u00e9n se alzaron con sendas preseas de bronce en sus respectivas categor\u00edas del certamen, que contin\u00faa este s\u00e1bado desde la 1:00 de la tarde.<\/span><\/p>\n<p><span lang=\"ES-DO\">Rosa, medallista de plata en los Juegos Panamericanos de Lima, Per\u00fa, super\u00f3 en punto de oro a Mariah Holguin, de Estados Unidos, en la disputa por el oro en la categor\u00eda menos 57 kilos.<\/span><\/p>\n<p><span lang=\"ES-DO\">En los cuartos de final, Ana derrot\u00f3 a Cheyenne Fiandor, de Canad\u00e1, y en la semifinal despach\u00f3 a Cynthia Rahming, de Bahamas.<\/span><\/p>\n<p><span lang=\"ES-DO\">Elmert, en la categor\u00eda menos 60 kilos, cay\u00f3 en la final ante Steven Morocho, de Ecuador. En su primera pelea dobleg\u00f3 a su compatriota Juan Serrano Garc\u00eda, y en los cuartos de final le gan\u00f3 a Darinson Severino, tambi\u00e9n de Rep\u00fablica Dominicana. En la semifinal, Ram\u00edrez dispuso de Jos\u00e9 Ramos, de Guatemala.<\/span><\/p>\n<p><span lang=\"ES-DO\">Las medallas de bronce recayeron sobre Bryan Garboa, de Ecuador, y Bernab\u00e9 Vergara, de Panam\u00e1.<\/span><\/p>\n<p><span lang=\"ES-DO\">En la disputa por la presea de bronce en menos 48 kilos, Estefan\u00eda Soriano derrot\u00f3 a la tambi\u00e9n dominicana Coral Vel\u00e1squez. El otro bronce lo obtuvo Virginia Nemeth, de Canad\u00e1. El oro lo gan\u00f3 Luz \u00c1lvarez, de Colombia, quien venci\u00f3 a Priscilla Morand, de Mauritius, la cual se qued\u00f3 con la plata.<\/span><\/p>\n<p><span lang=\"ES-DO\">En su primera pelea, Soriano derrot\u00f3 a Jenna Schurr, de Estados Unidos, y luego perdi\u00f3 en la semifinal ante Priscilla Morand.<\/span><\/p>\n<p><span lang=\"ES-DO\">En menos 52 kilos, la estadounidense Katelyn Jarrel se alz\u00f3 con el oro al superar a Kristine Jim\u00e9nez, de Panam\u00e1. El bronce lo compartieron\u00a0\u00a0Sabiana Anestor y Jennifer Etienne, ambas de Hait\u00ed.<\/span><\/p>\n<p><span lang=\"ES-DO\">El dominicano V\u00edctor Pe\u00f1a gan\u00f3 el bronce tras vencer en el repechaje a Alejandro Men\u00e9ndez, de Estados Unidos, en la categor\u00eda menos 66 kilos. El otro bronce fue para Ryan Vargas, de Estados Unidos.<\/span><\/p>\n<p><span lang=\"ES-DO\">El oro recay\u00f3 sobre el canadiense Julien Frascadore, quien super\u00f3 por ipon a Ricardo Valderrama, de Venezuela.<\/span><\/p>\n<p><span lang=\"ES-DO\">En duelo de dominicanos por el bronce en menos 73 kilos, Luis P\u00e9rez venci\u00f3 a Jos\u00e9 Ger\u00f3nimo. El otro bronce lo gan\u00f3 Gilberto Cardoso, de M\u00e9xico, quien dobleg\u00f3 Gabriel Juteau, de Canad\u00e1.<\/span><\/p>\n<p><span lang=\"ES-DO\">El oro fue para el venezolano Sergio Mattey, quien derrot\u00f3 en la final a Jeffrey Ruiz, de Puerto Rico.<\/span><\/p>\n<p><b><span lang=\"ES-DO\">Reconocimiento al director del INVI<\/span><\/b><\/p>\n<p><span lang=\"ES-DO\">El director del Instituto Nacional de la Vivienda, Mayobanex Escoto, resalt\u00f3 el empuje y entrega de los atletas de judo para poner en lo m\u00e1s alto a la Rep\u00fablica Dominicana.<\/span><\/p>\n<p><span lang=\"ES-DO\">Escoto, a quien est\u00e1 dedicado el clasificatorio, emiti\u00f3 sus consideraciones momento despu\u00e9s de recibir una placa de reconocimiento por el comit\u00e9 ejecutivo de la Federaci\u00f3n Dominicana de Judo (Fedojudo), que preside el licenciado Gilberto Garc\u00eda.<\/span><\/p>\n<p><span lang=\"ES-DO\">\u201cLa sociedad demanda que la juventud asuma compromisos y sean ejemplo para la sociedad\u201d, declar\u00f3 Escoto, quien manifest\u00f3 su compromiso con el deporte y la sociedad dominicana.<\/span><\/p>\n<p><span lang=\"ES-DO\">Mientras, el presidente de la Fedojudo, Gilberto Garc\u00eda, resalt\u00f3 el inter\u00e9s de Escoto en ir en auxilio, desde sus funciones como director del INVI, a favor del deporte.<\/span><\/p>\n<p><span lang=\"ES-DO\">Garc\u00eda defini\u00f3 los resultados obtenidos en los reci\u00e9n finalizados Juegos Panamericanos de Lima, Per\u00fa, como fruto del trabajo y la dedicaci\u00f3n de un grupo de hombres y mujeres que se esfuerzan por el judo.<\/span><\/p>\n<p><span lang=\"ES-DO\">Entre los pa\u00edses que participan figuran: Hait\u00ed, Camer\u00fan, Mauritius, Ecuador, Espa\u00f1a, Puerto Rico, Bahamas, Estados Unidos, Gab\u00f3n, Canad\u00e1, Guatemala, Barbados, Venezuela, T\u00fanez, Colombia, Nicaragua, Cabo Verde y Panam\u00e1.<\/span><\/p>\n<p><span lang=\"ES-DO\">El torneo es organizado por la Federaci\u00f3n Dominicana de Judo (Fedojudo), y es un evento oficial de la Federaci\u00f3n Internacional de Judo (FIJ), al tiempo que cuenta con el aval de la Confederaci\u00f3n Panamericana de Judo (CPJ).<\/span><\/p>\n","protected":false},"excerpt":{"rendered":"<p>Los tambi\u00e9n dominicanos Luis P\u00e9rez y V\u00edctor Pe\u00f1a tambi\u00e9n se alzaron con sendas preseas de bronce en sus respectivas categor\u00edas del certamen, que contin\u00faa este s\u00e1bado desde la 1:00 de la tarde.<\/p>\n","protected":false},"author":16,"featured_media":60447,"comment_status":"closed","ping_status":"closed","sticky":false,"template":"","format":"standard","meta":[],"categories":[2,60],"tags":[],"acf":[],"_links":{"self":[{"href":"https:\/\/colimdo.org\/wp-api\/wp\/v2\/posts\/60446"}],"collection":[{"href":"https:\/\/colimdo.org\/wp-api\/wp\/v2\/posts"}],"about":[{"href":"https:\/\/colimdo.org\/wp-api\/wp\/v2\/types\/post"}],"author":[{"embeddable":true,"href":"https:\/\/colimdo.org\/wp-api\/wp\/v2\/users\/16"}],"replies":[{"embeddable":true,"href":"https:\/\/colimdo.org\/wp-api\/wp\/v2\/comments?post=60446"}],"version-history":[{"count":1,"href":"https:\/\/colimdo.org\/wp-api\/wp\/v2\/posts\/60446\/revisions"}],"predecessor-version":[{"id":60448,"href":"https:\/\/colimdo.org\/wp-api\/wp\/v2\/posts\/60446\/revisions\/60448"}],"wp:featuredmedia":[{"embeddable":true,"href":"https:\/\/colimdo.org\/wp-api\/wp\/v2\/media\/60447"}],"wp:attachment":[{"href":"https:\/\/colimdo.org\/wp-api\/wp\/v2\/media?parent=60446"}],"wp:term":[{"taxonomy":"category","embeddable":true,"href":"https:\/\/colimdo.org\/wp-api\/wp\/v2\/categories?post=60446"},{"taxonomy":"post_tag","embeddable":true,"href":"https:\/\/colimdo.org\/wp-api\/wp\/v2\/tags?post=60446"}],"curies":[{"name":"wp","href":"https:\/\/api.w.org\/{rel}","templated":true}]}}