{"id":60455,"date":"2019-09-07T03:34:58","date_gmt":"2019-09-07T03:34:58","guid":{"rendered":"https:\/\/colimdo.org\/?p=60455"},"modified":"2019-09-07T03:35:08","modified_gmt":"2019-09-07T03:35:08","slug":"expelotero-jose-mackey-moreno-fallecio-este-viernes","status":"publish","type":"post","link":"https:\/\/colimdo.org\/noticias\/expelotero-jose-mackey-moreno-fallecio-este-viernes\/","title":{"rendered":"Expelotero Jos\u00e9 \u201cMackey\u201d Moreno falleci\u00f3 este viernes"},"content":{"rendered":"<p>SANTO DOMINGO. El ex beisbolista Jos\u00e9 \u2013Mackey\u2014Moreno, el \u00fanico jugador en la historia del b\u00e9isbol invernal dominicano con una campa\u00f1a de 30-30-30 en carreras empujadas, anotadas y robos, falleci\u00f3 la noche de este viernes en el Hospital General Plaza de la Salud a la edad de 61 a\u00f1os.<\/p>\n<p>Complicaciones en los pulmones habr\u00edan sido las causas que provocaron el deceso de Moreno, quien tambi\u00e9n jug\u00f3 en las Grandes Ligas con los equipos Mets de Nueva York, Padres de San Diego y los Angelinos de California.<\/p>\n<p>En noviembre del pasado a\u00f1o, la Liga Dominicana de B\u00e9isbol Profesional (LIDOM) realiz\u00f3\u00a0 un merecido reconocimiento al \u201cMackey\u201d Moreno, quien en su trayectoria de 14 temporadas en el b\u00e9isbol invernal dominicano. Se destac\u00f3 por su gran velocidad y su versatilidad para jugar en el cuadro.<\/p>\n<p>En los \u00faltimos 20 a\u00f1os tuvo problemas en sus extremidades inferiores que limitaron notablemente su capacidad motora.<\/p>\n<p>Jos\u00e9 de los Santos Mauricio Moreno se consagr\u00f3 como un veloz utility que gan\u00f3 tres campeonatos con el Escogido, jug\u00f3 14 temporadas en la pelota dominicana, entre 1974-75 y 1989-90, 11 con los Leones y dos con los Azucareros del Este.<\/p>\n<p>\u201cMackey Moreno es uno de los jugadores hist\u00f3ricos en la franquicia de los Leones del Escogido, est\u00e1 dentro de los l\u00edderes en diferentes renglones solamente superado por los hermanos Alou, debe ser un inmortal del deporte dominicano\u201d, manifest\u00f3 Ram\u00f3n Cuello, presidente de la ACD.<\/p>\n<p>Moreno, quien naci\u00f3 en Santo Domingo, el primero de noviembre de 1957, recibi\u00f3 una placa de reconocimiento y agradeci\u00f3 de manera p\u00fablica, el gesto realizado por el comit\u00e9 ejecutivo de Lidom.<\/p>\n","protected":false},"excerpt":{"rendered":"<p>El ex jugador de los Leones del Escogido muri\u00f3 en la Plaza de la Salud a la edad de 61 a\u00f1os tras padecer serios quebrantos de salud.<\/p>\n","protected":false},"author":13,"featured_media":60456,"comment_status":"closed","ping_status":"closed","sticky":false,"template":"","format":"standard","meta":[],"categories":[2,60],"tags":[],"acf":[],"_links":{"self":[{"href":"https:\/\/colimdo.org\/wp-api\/wp\/v2\/posts\/60455"}],"collection":[{"href":"https:\/\/colimdo.org\/wp-api\/wp\/v2\/posts"}],"about":[{"href":"https:\/\/colimdo.org\/wp-api\/wp\/v2\/types\/post"}],"author":[{"embeddable":true,"href":"https:\/\/colimdo.org\/wp-api\/wp\/v2\/users\/13"}],"replies":[{"embeddable":true,"href":"https:\/\/colimdo.org\/wp-api\/wp\/v2\/comments?post=60455"}],"version-history":[{"count":1,"href":"https:\/\/colimdo.org\/wp-api\/wp\/v2\/posts\/60455\/revisions"}],"predecessor-version":[{"id":60457,"href":"https:\/\/colimdo.org\/wp-api\/wp\/v2\/posts\/60455\/revisions\/60457"}],"wp:featuredmedia":[{"embeddable":true,"href":"https:\/\/colimdo.org\/wp-api\/wp\/v2\/media\/60456"}],"wp:attachment":[{"href":"https:\/\/colimdo.org\/wp-api\/wp\/v2\/media?parent=60455"}],"wp:term":[{"taxonomy":"category","embeddable":true,"href":"https:\/\/colimdo.org\/wp-api\/wp\/v2\/categories?post=60455"},{"taxonomy":"post_tag","embeddable":true,"href":"https:\/\/colimdo.org\/wp-api\/wp\/v2\/tags?post=60455"}],"curies":[{"name":"wp","href":"https:\/\/api.w.org\/{rel}","templated":true}]}}