{"id":60465,"date":"2019-09-07T18:39:26","date_gmt":"2019-09-07T18:39:26","guid":{"rendered":"https:\/\/colimdo.org\/?p=60465"},"modified":"2019-09-07T18:39:26","modified_gmt":"2019-09-07T18:39:26","slug":"restos-expelotero-mackey-moreno-seran-velados-esta-tarde-funeraria-blandino","status":"publish","type":"post","link":"https:\/\/colimdo.org\/noticias\/restos-expelotero-mackey-moreno-seran-velados-esta-tarde-funeraria-blandino\/","title":{"rendered":"Restos de expelotero Mackey Moreno ser\u00e1n velados esta tarde en funeraria Blandino"},"content":{"rendered":"<p>SANTO DOMINGO.-Los restos del expelotero profesional Jos\u00e9 Mackey Moreno ser\u00e1n expuestos a partir de las 12:30 del mediod\u00eda de este s\u00e1bado en la funeraria Blandino de la avenida Abraham Lincoln, en el Distrito Nacional.<\/p>\n<p>Mackey\u2014Moreno falleci\u00f3 anoche en el Hospital Plaza de la Salud y de inmediato no se informaron las causas que provocaron el deceso de quien fuera directivo por muchos a\u00f1os de la Federaci\u00f3n Nacional de Peloteros Profesionales (Fenapepro).<\/p>\n<p>En noviembre del pasado a\u00f1o, la Liga Dominicana de B\u00e9isbol Profesional (LIDOM) realiz\u00f3 un merecido reconocimiento al \u201cMackey\u201d Moreno, quien en su trayectoria de 14 temporadas en el b\u00e9isbol invernal dominicano, se destac\u00f3 por su gran velocidad y su versatilidad para jugar en el cuadro.<\/p>\n<p>En los \u00faltimos 20 a\u00f1os tuvo problemas en sus extremidades inferiores que limitaron notablemente su capacidad motora.<\/p>\n<p>Jos\u00e9 de los Santos Mauricio Moreno (nacido el 1 de noviembre de 1957 en Santo Domingo) fue un ex utility player dominicano que jug\u00f3 en la Liga Mayor de B\u00e9isbol. Durante tres temporadas en las Grandes Ligas entre 1980 y 1982 milit\u00f3 para los equipos New York Mets, San Diego Padres y Los Angeles Angels of Anaheim.<\/p>\n<p>Aunque Moreno jug\u00f3 en 82 partidos en su carrera de Grandes Ligas, ocup\u00f3 tanto la posici\u00f3n de segunda base como la de jardinero derecho. La mayor\u00eda de sus apariciones fue como bateador emergente, y algunas como corredor emergente.<\/p>\n<p>Moreno tambi\u00e9n se desempe\u00f1\u00f3 como dirigente de ligas menores de diferentes equipos.<\/p>\n","protected":false},"excerpt":{"rendered":"<p>Los restos del expelotero profesional Jos\u00e9 Mackey Moreno ser\u00e1n expuestos a partir de las 12:30 del mediod\u00eda de este s\u00e1bado en la funeraria Blandino de la avenida Abraham Lincoln, en el Distrito Nacional.<\/p>\n","protected":false},"author":19,"featured_media":60466,"comment_status":"closed","ping_status":"closed","sticky":false,"template":"","format":"standard","meta":[],"categories":[2,60],"tags":[],"acf":[],"_links":{"self":[{"href":"https:\/\/colimdo.org\/wp-api\/wp\/v2\/posts\/60465"}],"collection":[{"href":"https:\/\/colimdo.org\/wp-api\/wp\/v2\/posts"}],"about":[{"href":"https:\/\/colimdo.org\/wp-api\/wp\/v2\/types\/post"}],"author":[{"embeddable":true,"href":"https:\/\/colimdo.org\/wp-api\/wp\/v2\/users\/19"}],"replies":[{"embeddable":true,"href":"https:\/\/colimdo.org\/wp-api\/wp\/v2\/comments?post=60465"}],"version-history":[{"count":1,"href":"https:\/\/colimdo.org\/wp-api\/wp\/v2\/posts\/60465\/revisions"}],"predecessor-version":[{"id":60467,"href":"https:\/\/colimdo.org\/wp-api\/wp\/v2\/posts\/60465\/revisions\/60467"}],"wp:featuredmedia":[{"embeddable":true,"href":"https:\/\/colimdo.org\/wp-api\/wp\/v2\/media\/60466"}],"wp:attachment":[{"href":"https:\/\/colimdo.org\/wp-api\/wp\/v2\/media?parent=60465"}],"wp:term":[{"taxonomy":"category","embeddable":true,"href":"https:\/\/colimdo.org\/wp-api\/wp\/v2\/categories?post=60465"},{"taxonomy":"post_tag","embeddable":true,"href":"https:\/\/colimdo.org\/wp-api\/wp\/v2\/tags?post=60465"}],"curies":[{"name":"wp","href":"https:\/\/api.w.org\/{rel}","templated":true}]}}