{"id":60485,"date":"2019-09-08T07:05:19","date_gmt":"2019-09-08T07:05:19","guid":{"rendered":"https:\/\/colimdo.org\/?p=60485"},"modified":"2019-09-08T07:06:09","modified_gmt":"2019-09-08T07:06:09","slug":"dominicana-domina-balon-cae-ante-monserrat-liga-naciones-la-concacaf","status":"publish","type":"post","link":"https:\/\/colimdo.org\/noticias\/dominicana-domina-balon-cae-ante-monserrat-liga-naciones-la-concacaf\/","title":{"rendered":"Dominicana domina el bal\u00f3n, pero cae ante Monserrat en Liga de Naciones Concacaf"},"content":{"rendered":"<div>EL NUEVO DIARIO, MONSERRAT.- Dominar la posesi\u00f3n del bal\u00f3n no fue suficiente para la Selecci\u00f3n Dominicana de F\u00fatbol (Sedofutbol) que cay\u00f3 este s\u00e1bado 2 goles por 1 ante su similar de Monserrat en partido de la Liga de Naciones de Concacaf, celebrado el s\u00e1bado en esta isla.<\/div>\n<div><\/div>\n<div>Una posesi\u00f3n de 59 por ciento contra 41 de sus rivales no dej\u00f3 el resultado deseado para la representaci\u00f3n dominicana en su debut en el evento clasificatorio para la Copa Oro 2021. Dominicana tuvo 300 pases correctos contra 155 de Monserrat.<\/div>\n<div><\/div>\n<div>El onceno quisqueyano recibir\u00e1 a El Salvador, este martes 10 en el Estadio Cibao FC de Santiago, para completar la primera ventana de la justa.<\/div>\n<div><\/div>\n<div>Joshua Garc\u00eda puso adelante a la Sedofutbol con gol al minuto 22. Un pase largo de Adrian Salcedo, fue tocado por Edipo Rodr\u00edguez, quien dej\u00f3 el bal\u00f3n a los pies de Garc\u00eda y este golpe\u00f3 sin titubear.<\/div>\n<div><\/div>\n<div>Ambos goles de Monserrat llegaron en jugadas de bal\u00f3n parado. James Conley marc\u00f3 el empate en el minuto 28 y Adrian Clitford marc\u00f3 en el \u201965. Ambos goles de los locales fueron con cabezazos tras saques de esquina.<\/div>\n<div><\/div>\n<div>El director t\u00e9cnico del equipo dominicano, David Gonz\u00e1lez, sali\u00f3 a la cancha con Johan Guzm\u00e1n como portero, Rodr\u00edguez, Garc\u00eda y Ronaldo V\u00e1squez como delanteros, juntos Rafael Flores, Jean Calos L\u00f3pez, Wilman Modesta y Wilman Modesta como delanteros.<\/div>\n<div>Los defensas Edarlin Reyes, C\u00e9sar Garc\u00eda y Jairo Bueno completaron el onceno titular. Juan \u00c1ngeles entr\u00f3 por Garc\u00eda, quien sali\u00f3 lastimado en el minuto 59, Gerald Laverne sustituy\u00f3 a L\u00f3pez en el \u201965 y Dorny Romero a Rafael Flores en el \u201968.<\/div>\n","protected":false},"excerpt":{"rendered":"<p>EL NUEVO DIARIO, MONSERRAT.- Dominar la posesi\u00f3n del bal\u00f3n no fue suficiente para la Selecci\u00f3n Dominicana de F\u00fatbol (Sedofutbol) que cay\u00f3 este s\u00e1bado 2 goles por 1 ante su similar de Monserrat en partido de la Liga de Naciones de Concacaf, celebrado el s\u00e1bado en esta isla. Una posesi\u00f3n de 59 por ciento contra 41 [&hellip;]<\/p>\n","protected":false},"author":19,"featured_media":60486,"comment_status":"closed","ping_status":"closed","sticky":false,"template":"","format":"standard","meta":[],"categories":[2,60],"tags":[],"acf":[],"_links":{"self":[{"href":"https:\/\/colimdo.org\/wp-api\/wp\/v2\/posts\/60485"}],"collection":[{"href":"https:\/\/colimdo.org\/wp-api\/wp\/v2\/posts"}],"about":[{"href":"https:\/\/colimdo.org\/wp-api\/wp\/v2\/types\/post"}],"author":[{"embeddable":true,"href":"https:\/\/colimdo.org\/wp-api\/wp\/v2\/users\/19"}],"replies":[{"embeddable":true,"href":"https:\/\/colimdo.org\/wp-api\/wp\/v2\/comments?post=60485"}],"version-history":[{"count":2,"href":"https:\/\/colimdo.org\/wp-api\/wp\/v2\/posts\/60485\/revisions"}],"predecessor-version":[{"id":60488,"href":"https:\/\/colimdo.org\/wp-api\/wp\/v2\/posts\/60485\/revisions\/60488"}],"wp:featuredmedia":[{"embeddable":true,"href":"https:\/\/colimdo.org\/wp-api\/wp\/v2\/media\/60486"}],"wp:attachment":[{"href":"https:\/\/colimdo.org\/wp-api\/wp\/v2\/media?parent=60485"}],"wp:term":[{"taxonomy":"category","embeddable":true,"href":"https:\/\/colimdo.org\/wp-api\/wp\/v2\/categories?post=60485"},{"taxonomy":"post_tag","embeddable":true,"href":"https:\/\/colimdo.org\/wp-api\/wp\/v2\/tags?post=60485"}],"curies":[{"name":"wp","href":"https:\/\/api.w.org\/{rel}","templated":true}]}}