{"id":60492,"date":"2019-09-08T15:35:33","date_gmt":"2019-09-08T15:35:33","guid":{"rendered":"https:\/\/colimdo.org\/?p=60492"},"modified":"2019-09-08T15:35:33","modified_gmt":"2019-09-08T15:35:33","slug":"muere-cancer-cerebral-ex-jardinero-los-cardenales-chris-duncan","status":"publish","type":"post","link":"https:\/\/colimdo.org\/noticias\/muere-cancer-cerebral-ex-jardinero-los-cardenales-chris-duncan\/","title":{"rendered":"Muere de c\u00e1ncer cerebral ex jardinero de los Cardenales Chris Duncan"},"content":{"rendered":"<p>EL NUEVO DIARIO, SANTO DOMINGO.- El ex jardinero de los Cardenales Chris Duncan muri\u00f3 este viernes de c\u00e1ncer cerebral a los 38 a\u00f1os<\/p>\n<p>Duncan, hijo del ex entrenador de pitcheo de los Cardenales de San Luis.<\/p>\n<p>\u201cLos Cardinals est\u00e1n profundamente entristecidos por el fallecimiento de Chris Duncan y extienden nuestra sincera simpat\u00eda a su esposa, Amy, toda la familia Duncan y sus muchos amigos\u201d, dijo el presidente y CEO de los Cardinals, Bill DeWitt Jr., en un comunicado.<\/p>\n<p>\u201cChris fue una parte integral de nuestro equipo de campeonato de 2006 y un gran compa\u00f1ero de equipo y amigo de muchos en la organizaci\u00f3n\u201d.<\/p>\n<p>Duncan bate\u00f3 .257 con 55 jonrones y 175 carreras impulsadas en 381 juegos en cinco temporadas con los Cardenales.<br \/>\nDespu\u00e9s de su carrera como jugador, trabaj\u00f3 como locutor de radio deportivo en WXOS-FM en St. Louis.<\/p>\n","protected":false},"excerpt":{"rendered":"<p>El ex jardinero de los Cardenales Chris Duncan muri\u00f3 este viernes de c\u00e1ncer cerebral a los 38 a\u00f1os<\/p>\n","protected":false},"author":19,"featured_media":60493,"comment_status":"closed","ping_status":"closed","sticky":false,"template":"","format":"standard","meta":[],"categories":[2,60],"tags":[],"acf":[],"_links":{"self":[{"href":"https:\/\/colimdo.org\/wp-api\/wp\/v2\/posts\/60492"}],"collection":[{"href":"https:\/\/colimdo.org\/wp-api\/wp\/v2\/posts"}],"about":[{"href":"https:\/\/colimdo.org\/wp-api\/wp\/v2\/types\/post"}],"author":[{"embeddable":true,"href":"https:\/\/colimdo.org\/wp-api\/wp\/v2\/users\/19"}],"replies":[{"embeddable":true,"href":"https:\/\/colimdo.org\/wp-api\/wp\/v2\/comments?post=60492"}],"version-history":[{"count":1,"href":"https:\/\/colimdo.org\/wp-api\/wp\/v2\/posts\/60492\/revisions"}],"predecessor-version":[{"id":60494,"href":"https:\/\/colimdo.org\/wp-api\/wp\/v2\/posts\/60492\/revisions\/60494"}],"wp:featuredmedia":[{"embeddable":true,"href":"https:\/\/colimdo.org\/wp-api\/wp\/v2\/media\/60493"}],"wp:attachment":[{"href":"https:\/\/colimdo.org\/wp-api\/wp\/v2\/media?parent=60492"}],"wp:term":[{"taxonomy":"category","embeddable":true,"href":"https:\/\/colimdo.org\/wp-api\/wp\/v2\/categories?post=60492"},{"taxonomy":"post_tag","embeddable":true,"href":"https:\/\/colimdo.org\/wp-api\/wp\/v2\/tags?post=60492"}],"curies":[{"name":"wp","href":"https:\/\/api.w.org\/{rel}","templated":true}]}}