{"id":60516,"date":"2019-09-08T23:45:32","date_gmt":"2019-09-08T23:45:32","guid":{"rendered":"https:\/\/colimdo.org\/?p=60516"},"modified":"2019-09-08T23:45:32","modified_gmt":"2019-09-08T23:45:32","slug":"club-mauricio-baez-inicia-actividades-56-aniversario","status":"publish","type":"post","link":"https:\/\/colimdo.org\/noticias\/club-mauricio-baez-inicia-actividades-56-aniversario\/","title":{"rendered":"Club Mauricio B\u00e1ez inicia actividades 56 aniversario"},"content":{"rendered":"<p>SANTO DOMINGO.- Con una charla, a cargo del doctor Rogelio Prestol, iniciar\u00e1n este lunes las actividades conmemorativas del 56 aniversario del Club Mauricio B\u00e1ez.<\/p>\n<p>La conferencia del reputado profesional de la medicina iniciar\u00e1 a las siete de la noche en el auditorio de la plaza cultural de la Fundaci\u00f3n Mauricio B\u00e1ez.<\/p>\n<p>El coloquio es la puerta de inicio de una serie de actividades deportivas, sociales y culturales organizadas por los mauricianos para conmemorar el aniversario.<\/p>\n<p>Martes<\/p>\n<p>Las actividades continuar\u00e1n el martes, a partir de las tres de la tarde, con la apertura de un torneo de baloncesto en varias categor\u00edas, de los atletas de la emblem\u00e1tica entidad de la barriada de Villa Juana.<\/p>\n<p>En horas de la noche la comisi\u00f3n organizadora laborar\u00e1 en el montaje del tradicional desayuno aniversario.<\/p>\n<p>Mi\u00e9rcoles<\/p>\n<p>El desayuno, actividad cumbre del aniversario, se realizar\u00e1 el mi\u00e9rcoles 11, a partir de las 7:30 de la ma\u00f1ana, con la llegada de los invitados.<\/p>\n<p>Jos\u00e9 Dom\u00ednguez, presidente del club Mauricio B\u00e1ez y C\u00e9sar Heredia, presidente de la Fundaci\u00f3n Mauricio B\u00e1ez, informaron que ma\u00f1ana se dar\u00e1 a conocer a qui\u00e9n estar\u00e1 dedicado el desayuno en que participan diferentes personalidades, entre los que se destacan funcionarios del Ministerio de Deportes, directivos del Comit\u00e9 Ol\u00edmpico Dominicano, empresarios, funcionarios del Gobierno, dirigentes pol\u00edticos de la oposici\u00f3n, militares, directivos de clubes, asociaciones y federaciones deportivas.<\/p>\n<p>Conversatorio<\/p>\n<p>A la siete de la noche habr\u00e1 un conversatorio sobre la fenecida profesora Marianela Pozo M\u00e9ndez (Nelly), quien fuera profesora y directora de la escuela Mauricio B\u00e1ez por m\u00e1s de 30 a\u00f1os.<\/p>\n<p>Esa actividad ser\u00e1 en la tercera planta de la biblioteca de la Fundaci\u00f3n Mauricio B\u00e1ez.<\/p>\n<p>Jueves<\/p>\n<p>Una Olimpiada de Educaci\u00f3n de estudiantes de la escuela y liceo Mauricio B\u00e1ez est\u00e1 programada para continuar el jueves las actividades del 56 aniversario de los mauricianos.<\/p>\n<p>Comenzar\u00e1 a las 8:30 de la ma\u00f1ana.<\/p>\n<p>Ese mismo d\u00eda ser\u00e1 el cierre del campeonato de baloncesto.<\/p>\n<p>A las seis de la tarde se realizar\u00e1 el juego del recuerdo de basket femenino y a las 7:30 de la noche el juego del recuerdo masculino.<\/p>\n<p>Viernes<\/p>\n<p>El liceo y la escuela tendr\u00e1n otra Olimpiada de Educaci\u00f3n comenzando a las 8:30 de la ma\u00f1ana.<\/p>\n<p>Las dos actividades de educaci\u00f3n son \u201cinmemoriam\u201d a los profesores Nelly Pozo y Nelly Manuel Do\u00f1\u00e9.<\/p>\n<p>Envejecientes<\/p>\n<p>Los envejecientes tendr\u00e1n una actividad en el club Mauricio B\u00e1ez a las tres de la tarde y a las cinco, comenzar\u00e1 un torneo de voleibol.<\/p>\n<p>El s\u00e1bado ser\u00e1 el cierre de la justa de voleibol.<\/p>\n<p>Domingo<\/p>\n<p>El domingo ser\u00e1 el tradicional juego de softbol y en la noche se presentar\u00e1 una obra de teatro.<br \/>\nRelacionado<\/p>\n","protected":false},"excerpt":{"rendered":"<p>La conferencia del reputado profesional de la medicina iniciar\u00e1 a las siete de la noche en el auditorio de la plaza cultural de la Fundaci\u00f3n Mauricio B\u00e1ez.<\/p>\n","protected":false},"author":19,"featured_media":60517,"comment_status":"closed","ping_status":"closed","sticky":false,"template":"","format":"standard","meta":[],"categories":[2,60],"tags":[],"acf":[],"_links":{"self":[{"href":"https:\/\/colimdo.org\/wp-api\/wp\/v2\/posts\/60516"}],"collection":[{"href":"https:\/\/colimdo.org\/wp-api\/wp\/v2\/posts"}],"about":[{"href":"https:\/\/colimdo.org\/wp-api\/wp\/v2\/types\/post"}],"author":[{"embeddable":true,"href":"https:\/\/colimdo.org\/wp-api\/wp\/v2\/users\/19"}],"replies":[{"embeddable":true,"href":"https:\/\/colimdo.org\/wp-api\/wp\/v2\/comments?post=60516"}],"version-history":[{"count":1,"href":"https:\/\/colimdo.org\/wp-api\/wp\/v2\/posts\/60516\/revisions"}],"predecessor-version":[{"id":60518,"href":"https:\/\/colimdo.org\/wp-api\/wp\/v2\/posts\/60516\/revisions\/60518"}],"wp:featuredmedia":[{"embeddable":true,"href":"https:\/\/colimdo.org\/wp-api\/wp\/v2\/media\/60517"}],"wp:attachment":[{"href":"https:\/\/colimdo.org\/wp-api\/wp\/v2\/media?parent=60516"}],"wp:term":[{"taxonomy":"category","embeddable":true,"href":"https:\/\/colimdo.org\/wp-api\/wp\/v2\/categories?post=60516"},{"taxonomy":"post_tag","embeddable":true,"href":"https:\/\/colimdo.org\/wp-api\/wp\/v2\/tags?post=60516"}],"curies":[{"name":"wp","href":"https:\/\/api.w.org\/{rel}","templated":true}]}}