{"id":60551,"date":"2019-09-09T15:58:33","date_gmt":"2019-09-09T15:58:33","guid":{"rendered":"https:\/\/colimdo.org\/?p=60551"},"modified":"2019-09-09T15:58:49","modified_gmt":"2019-09-09T15:58:49","slug":"tokio-realiza-torneo-karate-prueba-logistica-competicion","status":"publish","type":"post","link":"https:\/\/colimdo.org\/noticias\/tokio-realiza-torneo-karate-prueba-logistica-competicion\/","title":{"rendered":"Tokio realiza torneo karate como prueba log\u00edstica y de competici\u00f3n"},"content":{"rendered":"<p><strong>TOKIO. EFE<\/strong>. La organizaci\u00f3n de Tokio 2020 puso a prueba este lunes el estreno del karate como disciplina ol\u00edmpica en un torneo de demostraci\u00f3n que tuvo como objetivo comprobar el correcto funcionamiento de la log\u00edstica y el desarrollo de la competici\u00f3n.<\/p>\n<p>El primer evento de prueba de k\u00e1rate, uno de los cinco deportes nuevos incluidos expresamente para la nueva cita ol\u00edmpica tokiota, tuvo lugar en el estadio Nippon Budokan de la capital nipona y en \u00e9l participaron m\u00e1s de una decena de karatecas japoneses.<\/p>\n<p>En el mismo escenario se hab\u00eda disputado durante el fin de semana una prueba de la Liga Mundial de k\u00e1rate.<\/p>\n<p>En el test, parcialmente abierto a la prensa, se disputaron varios combates de la modalidad kumite masculino y femenino, y se simularon la semifinal y la final de la modalidad de kata, en la que se alz\u00f3 con el oro, en representaci\u00f3n de Espa\u00f1a, el nip\u00f3n Ryuji Moto.<\/p>\n<p>El evento de este lunes tuvo como objetivo verificar el correcto funcionamiento de los sistemas de sonido, las c\u00e1maras y dem\u00e1s dispositivos tecnol\u00f3gicos de las instalaciones, as\u00ed como la potencial atenci\u00f3n sanitaria en una disciplina susceptible de causar lesiones, explic\u00f3 el director ejecutivo de Tokio 2020, Yasuo Mori.<\/p>\n<p>La prueba sirvi\u00f3, adem\u00e1s, para poner a prueba la log\u00edstica de la competici\u00f3n, algo a lo que contribuy\u00f3 inesperadamente el paso por la regi\u00f3n desde la noche hasta la ma\u00f1ana del lunes del tif\u00f3n Faxai, que caus\u00f3 situaciones de caos en la capital japonesa debido a que el transporte, especialmente los trenes, tardaron horas en funcionar con normalidad.<\/p>\n<p>Mori asegur\u00f3 que el personal pertinente pudo ser contactado de forma adecuada y la prueba se desarroll\u00f3 con normalidad.<\/p>\n<p>Adem\u00e1s de las pruebas de competici\u00f3n, Tokio 2020 llev\u00f3 a cabo una simulaci\u00f3n de la entrega de las medallas de la modalidad de kata.<\/p>\n<p>El k\u00e1rate es uno de los cinco nuevos deportes incluidos en el programa ol\u00edmpico para los Juegos Ol\u00edmpicos de Tokio 2020, que se disputar\u00e1n entre el 24 de julio y el 9 de agosto de ese a\u00f1o.<\/p>\n<p>Las otras cuatro disciplinas son el b\u00e9isbol\/s\u00f3ftbol, la escalada deportiva, el skateboarding y el surf.<\/p>\n","protected":false},"excerpt":{"rendered":"<p>Se llev\u00f3 a cabo este lunes y es la primera prueba de karate, uno de los cinco deportes nuevos incluidos expresamente para la nueva cita ol\u00edmpica.<\/p>\n","protected":false},"author":13,"featured_media":60552,"comment_status":"closed","ping_status":"closed","sticky":false,"template":"","format":"standard","meta":[],"categories":[2,60],"tags":[],"acf":[],"_links":{"self":[{"href":"https:\/\/colimdo.org\/wp-api\/wp\/v2\/posts\/60551"}],"collection":[{"href":"https:\/\/colimdo.org\/wp-api\/wp\/v2\/posts"}],"about":[{"href":"https:\/\/colimdo.org\/wp-api\/wp\/v2\/types\/post"}],"author":[{"embeddable":true,"href":"https:\/\/colimdo.org\/wp-api\/wp\/v2\/users\/13"}],"replies":[{"embeddable":true,"href":"https:\/\/colimdo.org\/wp-api\/wp\/v2\/comments?post=60551"}],"version-history":[{"count":1,"href":"https:\/\/colimdo.org\/wp-api\/wp\/v2\/posts\/60551\/revisions"}],"predecessor-version":[{"id":60553,"href":"https:\/\/colimdo.org\/wp-api\/wp\/v2\/posts\/60551\/revisions\/60553"}],"wp:featuredmedia":[{"embeddable":true,"href":"https:\/\/colimdo.org\/wp-api\/wp\/v2\/media\/60552"}],"wp:attachment":[{"href":"https:\/\/colimdo.org\/wp-api\/wp\/v2\/media?parent=60551"}],"wp:term":[{"taxonomy":"category","embeddable":true,"href":"https:\/\/colimdo.org\/wp-api\/wp\/v2\/categories?post=60551"},{"taxonomy":"post_tag","embeddable":true,"href":"https:\/\/colimdo.org\/wp-api\/wp\/v2\/tags?post=60551"}],"curies":[{"name":"wp","href":"https:\/\/api.w.org\/{rel}","templated":true}]}}