{"id":60556,"date":"2019-09-09T19:13:30","date_gmt":"2019-09-09T19:13:30","guid":{"rendered":"https:\/\/colimdo.org\/?p=60556"},"modified":"2019-09-09T19:13:37","modified_gmt":"2019-09-09T19:13:37","slug":"club-mauricio-baez-dedica-lalane-jose-desayuno-56-aniversario","status":"publish","type":"post","link":"https:\/\/colimdo.org\/noticias\/club-mauricio-baez-dedica-lalane-jose-desayuno-56-aniversario\/","title":{"rendered":"Club Mauricio B\u00e1ez dedica a Lalane Jos\u00e9 desayuno 56 aniversario"},"content":{"rendered":"<p><strong>SANTO DOMINGO<\/strong>.- El tradicional desayuno del club Mauricio B\u00e1ez ser\u00e1 dedicado al profesor Federico Lalane Jos\u00e9, en el marco\u00a0 de las actividades conmemorativas del 56 aniversario de esa instituci\u00f3n.<\/p>\n<p>El desayuno se realizar\u00e1 el pr\u00f3ximo mi\u00e9rcoles a las 7:30 de la ma\u00f1ana en el polideportivo de los mauricianos.<\/p>\n<p>Lalane Jos\u00e9, miembro fundador de la Fundaci\u00f3n Mauricio B\u00e1ez y \u00a0asesor de los mauricianos, ha realizado grandes aportes en diferentes aspectos a la entidad enclavada en el sector de Villa Juana.<\/p>\n<p>La sociedad dominicana valora al profesor Lalane Jos\u00e9 como uno de los hombres m\u00e1s honestos del pa\u00eds.<\/p>\n<p>Jos\u00e9 Dom\u00ednguez, presidente del club Mauricio B\u00e1ez, C\u00e9sar Heredia Guerra, presidente de la Fundaci\u00f3n Mauricio B\u00e1ez y Leo Corpor\u00e1n, asesor de las dos organizaciones, dieron a conocer la informaci\u00f3n.<\/p>\n<p>El profesor Lalane Jos\u00e9 presidi\u00f3 la Federaci\u00f3n Dominicana de Baloncesto desde\u00a0 1980 al 1984.<\/p>\n<p>Fue vicepresidente del Consejo Centroamericano y del Caribe de Baloncesto (Concencaba); miembro del Bur\u00f3 Central del Consejo Panamericano de Baloncesto (Copaba) y miembro del Bur\u00f3 Central de la Federaci\u00f3n Internacional de Baloncesto (FIBA).<\/p>\n<p>Adem\u00e1s\u00a0 ha presidido\u00a0 el Comit\u00e9 Organizador de varios torneos superiores del Distrito Nacional, organizados por\u00a0 la Abadina.<\/p>\n<p>Fuera del deporte, Federico fue vicerrector de la Universidad Aut\u00f3noma de Santo Domingo y Contralor de la Rep\u00fablica.<\/p>\n<p>El profesor Lalane Jos\u00e9\u00a0 ha sido un gran soporte\u00a0 en el plano deportivo, en la educaci\u00f3n y lo social.<\/p>\n<p>&nbsp;<\/p>\n","protected":false},"excerpt":{"rendered":"<p>El desayuno se realizar\u00e1 el pr\u00f3ximo mi\u00e9rcoles a las 7:30 de la ma\u00f1ana en el polideportivo de los mauricianos en Villa Juana.<\/p>\n","protected":false},"author":13,"featured_media":60557,"comment_status":"closed","ping_status":"closed","sticky":false,"template":"","format":"standard","meta":[],"categories":[2,60],"tags":[],"acf":[],"_links":{"self":[{"href":"https:\/\/colimdo.org\/wp-api\/wp\/v2\/posts\/60556"}],"collection":[{"href":"https:\/\/colimdo.org\/wp-api\/wp\/v2\/posts"}],"about":[{"href":"https:\/\/colimdo.org\/wp-api\/wp\/v2\/types\/post"}],"author":[{"embeddable":true,"href":"https:\/\/colimdo.org\/wp-api\/wp\/v2\/users\/13"}],"replies":[{"embeddable":true,"href":"https:\/\/colimdo.org\/wp-api\/wp\/v2\/comments?post=60556"}],"version-history":[{"count":1,"href":"https:\/\/colimdo.org\/wp-api\/wp\/v2\/posts\/60556\/revisions"}],"predecessor-version":[{"id":60558,"href":"https:\/\/colimdo.org\/wp-api\/wp\/v2\/posts\/60556\/revisions\/60558"}],"wp:featuredmedia":[{"embeddable":true,"href":"https:\/\/colimdo.org\/wp-api\/wp\/v2\/media\/60557"}],"wp:attachment":[{"href":"https:\/\/colimdo.org\/wp-api\/wp\/v2\/media?parent=60556"}],"wp:term":[{"taxonomy":"category","embeddable":true,"href":"https:\/\/colimdo.org\/wp-api\/wp\/v2\/categories?post=60556"},{"taxonomy":"post_tag","embeddable":true,"href":"https:\/\/colimdo.org\/wp-api\/wp\/v2\/tags?post=60556"}],"curies":[{"name":"wp","href":"https:\/\/api.w.org\/{rel}","templated":true}]}}