{"id":60559,"date":"2019-09-09T19:25:09","date_gmt":"2019-09-09T19:25:09","guid":{"rendered":"https:\/\/colimdo.org\/?p=60559"},"modified":"2019-09-09T19:29:16","modified_gmt":"2019-09-09T19:29:16","slug":"voleibol-rd-debutara-ante-japon-sabado-copa-del-mundo","status":"publish","type":"post","link":"https:\/\/colimdo.org\/noticias\/voleibol-rd-debutara-ante-japon-sabado-copa-del-mundo\/","title":{"rendered":"Voleibol RD debutar\u00e1 ante Jap\u00f3n el s\u00e1bado en Copa del Mundo"},"content":{"rendered":"<p><strong>SANTO DOMINGO<\/strong>. La Selecci\u00f3n de Voleibol Femenina de la Rep\u00fablica Dominicana ya se encuentra en Jap\u00f3n donde debutar\u00e1 este s\u00e1bado 14 de este mes ante Jap\u00f3n a las 6:20 de la ma\u00f1ana (hora dominicana) en el inicio de la Copa del Mundo que organiza la Federaci\u00f3n Internacional de Voleibol.<\/p>\n<p>Las dominicanas, actuales Campeonas Centroamericanas y Panamericanas, viajaron hace varios d\u00edas hacia Jap\u00f3n donde est\u00e1n concluyendo sus entrenamientos de cara a la justa mundialista, donde accionaran los mejores 12 pa\u00edses del mundo.<\/p>\n<p>El dirigente Marcos Kweik dijo que, nueva vez, las dominicanas podr\u00e1n en alto la bandera nacional. Por razones de recuperaci\u00f3n, no estar\u00e1 en el conjunto la estelar libero, Brenda Castillo.<\/p>\n<p>El d\u00eda 15 de este mes, la Rep\u00fablica Dominicana se medir\u00e1 al sexteto de Corea a las 2:30 de la madrugada (hora dominicana)<\/p>\n<p>Jap\u00f3n continuar\u00e1 con su orgulloso r\u00e9cord de organizar eventos de voleibol FIVB de primera clase cuando el pa\u00eds sea sede de la\u00a0Copa\u00a0Mundial de Voleibol FIVB 2019, menos de un a\u00f1o antes de los Juegos Ol\u00edmpicos de Tokio 2020.<\/p>\n<p>La edici\u00f3n 2019 de la\u00a0Copa\u00a0Mundial de Voleibol FIVB contar\u00e1 con 12 equipos por g\u00e9nero, incluidos los anfitriones.\u00a0La competencia femenina se llevar\u00e1 a cabo del 14 al 29 de septiembre y el torneo masculino seguir\u00e1 del 1 al 15 de octubre.<\/p>\n<p>Celebrado en Jap\u00f3n desde 1977, el pa\u00eds organiz\u00f3 por \u00faltima vez la\u00a0Copa\u00a0del\u00a0Mundo\u00a0en 2015 antes de los Juegos Ol\u00edmpicos de R\u00edo de Janeiro 2016.\u00a0China termin\u00f3 por delante de Serbia para ganar la competencia femenina.\u00a0Y los dos equipos se encontraron nuevamente un a\u00f1o despu\u00e9s en el partido por la medalla de oro en R\u00edo 2016 en el que triunf\u00f3 China.<\/p>\n","protected":false},"excerpt":{"rendered":"<p>El partido se llevar\u00e1 a cabo a las 6:20 de la ma\u00f1ana (hora dominicana) en el inicio de la Copa del Mundo que organiza la Federaci\u00f3n Internacional de Voleibol.<\/p>\n","protected":false},"author":13,"featured_media":60560,"comment_status":"closed","ping_status":"closed","sticky":false,"template":"","format":"standard","meta":[],"categories":[2,60],"tags":[],"acf":[],"_links":{"self":[{"href":"https:\/\/colimdo.org\/wp-api\/wp\/v2\/posts\/60559"}],"collection":[{"href":"https:\/\/colimdo.org\/wp-api\/wp\/v2\/posts"}],"about":[{"href":"https:\/\/colimdo.org\/wp-api\/wp\/v2\/types\/post"}],"author":[{"embeddable":true,"href":"https:\/\/colimdo.org\/wp-api\/wp\/v2\/users\/13"}],"replies":[{"embeddable":true,"href":"https:\/\/colimdo.org\/wp-api\/wp\/v2\/comments?post=60559"}],"version-history":[{"count":1,"href":"https:\/\/colimdo.org\/wp-api\/wp\/v2\/posts\/60559\/revisions"}],"predecessor-version":[{"id":60561,"href":"https:\/\/colimdo.org\/wp-api\/wp\/v2\/posts\/60559\/revisions\/60561"}],"wp:featuredmedia":[{"embeddable":true,"href":"https:\/\/colimdo.org\/wp-api\/wp\/v2\/media\/60560"}],"wp:attachment":[{"href":"https:\/\/colimdo.org\/wp-api\/wp\/v2\/media?parent=60559"}],"wp:term":[{"taxonomy":"category","embeddable":true,"href":"https:\/\/colimdo.org\/wp-api\/wp\/v2\/categories?post=60559"},{"taxonomy":"post_tag","embeddable":true,"href":"https:\/\/colimdo.org\/wp-api\/wp\/v2\/tags?post=60559"}],"curies":[{"name":"wp","href":"https:\/\/api.w.org\/{rel}","templated":true}]}}