{"id":60569,"date":"2019-09-10T02:16:59","date_gmt":"2019-09-10T02:16:59","guid":{"rendered":"https:\/\/colimdo.org\/?p=60569"},"modified":"2019-09-10T02:16:59","modified_gmt":"2019-09-10T02:16:59","slug":"futbol-rd-va-ante-salvador","status":"publish","type":"post","link":"https:\/\/colimdo.org\/noticias\/futbol-rd-va-ante-salvador\/","title":{"rendered":"Futbol RD va por todo ante El Salvador"},"content":{"rendered":"<p>EL NUEVO DIARIO, SANTIAGO.- La Selecci\u00f3n Dominicana de F\u00fatbol (Sedofutbol) encara su segundo duelo de la Liga de Naciones de Concacaf este martes ante su similar de El Salvador, en el Estadio Cibao FC de esta ciudad, a las seis de la tarde.<\/p>\n<p>Dominicana viene de caer ante la selecci\u00f3n de Monserrat, el s\u00e1bado por 2-1, por lo que van este martes con \u201ctodo\u201d ante su contrincante salvadore\u00f1o.<\/p>\n<p>\u201cEncaramos el partido de este martes con toda ambici\u00f3n posible ante un gran rival como es El Salvador\u201d, indic\u00f3 el dirigente dominicano David Gonz\u00e1lez, en rueda de prensa en Santiago este lunes.<\/p>\n<p>\u201cSeguir mejorando con trabajo defensivo para tratar de no recibir goles\u201d, agreg\u00f3 el espa\u00f1ol Gonz\u00e1lez. \u201cLos salvadore\u00f1os van a tratar de tener el bal\u00f3n y nuestra defensa debe impedirlo\u201d, a\u00f1adi\u00f3.<\/p>\n<p>El jugador Rafa Flores tambi\u00e9n habl\u00f3 con la prensa criolla, donde dej\u00f3 claro que est\u00e1 listo para el partido de este martes, aun cuando en el juego ante Monserrat sali\u00f3 molesto en su pierna derecha.<\/p>\n<p>\u201cMa\u00f1ana tenemos la oportunidad de salir adelante. Estoy muy bien con mi salud y vamos a poner en practica todo lo que recibimos por parte del profe (David Gonz\u00e1lez)\u201d, coment\u00f3.<\/p>\n<p>En esa misma tesitura, el cuerpo t\u00e9cnico de la Sedofutbol indic\u00f3 que Joshua Garc\u00eda sigue en observaci\u00f3n.<\/p>\n<p>Habla el DT de la selecci\u00f3n de El Salvador<\/p>\n<p>El entrenador de la selecci\u00f3n de El Salvador, Carlos de los Cobos, evalu\u00f3 este lunes en la conferencia las caracter\u00edsticas de su rival del martes en la Liga de Naciones, al que defini\u00f3 como un equipo f\u00edsicamente fuerte.<\/p>\n<p>Asimismo, destac\u00f3 la velocidad de sus volantes por las bandas y la base de nueve jugadores que militan en el Cibao, uno de los clubes referentes del balompi\u00e9 dominicano.<\/p>\n<p>\u201cHe tenido la oportunidad de ver algunos videos de la selecci\u00f3n. Me agrada mucho su intenci\u00f3n, su propuesta, intenta poner la pelota en el piso, combinar, tiene jugadores veloces por los costados\u201d, afirm\u00f3 el mexicano.<\/p>\n<p>En ese sentido, dijo que \u201cma\u00f1ana (martes) enfrentamos a un equipo dif\u00edcil, f\u00edsicamente fuerte y con una idea clara de juego. Espero que este partido deje satisfecha a la gente\u201d.<\/p>\n<p>Sobre c\u00f3mo llega la Azul y Blanco, que inici\u00f3 su andadura en el grupo B de la Liga B con triunfo el s\u00e1bado (3-0 sobre Santa Luc\u00eda), explic\u00f3 que \u201cvenimos con responsabilidad, nunca subestimamos a nuestros rivales y considero que en estos tiempos, donde Concacaf busca distintas f\u00f3rmulas, el Caribe puede ir creciendo\u201d.<\/p>\n","protected":false},"excerpt":{"rendered":"<p>Dominicana viene de caer ante la selecci\u00f3n de Monserrat, el s\u00e1bado por 2-1, por lo que van este martes con \u201ctodo\u201d ante su contrincante salvadore\u00f1o.<\/p>\n","protected":false},"author":19,"featured_media":60570,"comment_status":"closed","ping_status":"closed","sticky":false,"template":"","format":"standard","meta":[],"categories":[2,60],"tags":[],"acf":[],"_links":{"self":[{"href":"https:\/\/colimdo.org\/wp-api\/wp\/v2\/posts\/60569"}],"collection":[{"href":"https:\/\/colimdo.org\/wp-api\/wp\/v2\/posts"}],"about":[{"href":"https:\/\/colimdo.org\/wp-api\/wp\/v2\/types\/post"}],"author":[{"embeddable":true,"href":"https:\/\/colimdo.org\/wp-api\/wp\/v2\/users\/19"}],"replies":[{"embeddable":true,"href":"https:\/\/colimdo.org\/wp-api\/wp\/v2\/comments?post=60569"}],"version-history":[{"count":1,"href":"https:\/\/colimdo.org\/wp-api\/wp\/v2\/posts\/60569\/revisions"}],"predecessor-version":[{"id":60571,"href":"https:\/\/colimdo.org\/wp-api\/wp\/v2\/posts\/60569\/revisions\/60571"}],"wp:featuredmedia":[{"embeddable":true,"href":"https:\/\/colimdo.org\/wp-api\/wp\/v2\/media\/60570"}],"wp:attachment":[{"href":"https:\/\/colimdo.org\/wp-api\/wp\/v2\/media?parent=60569"}],"wp:term":[{"taxonomy":"category","embeddable":true,"href":"https:\/\/colimdo.org\/wp-api\/wp\/v2\/categories?post=60569"},{"taxonomy":"post_tag","embeddable":true,"href":"https:\/\/colimdo.org\/wp-api\/wp\/v2\/tags?post=60569"}],"curies":[{"name":"wp","href":"https:\/\/api.w.org\/{rel}","templated":true}]}}