{"id":60572,"date":"2019-09-10T02:20:46","date_gmt":"2019-09-10T02:20:46","guid":{"rendered":"https:\/\/colimdo.org\/?p=60572"},"modified":"2019-09-10T02:20:46","modified_gmt":"2019-09-10T02:20:46","slug":"naco-se-corona-campeon-futsala-infantil","status":"publish","type":"post","link":"https:\/\/colimdo.org\/noticias\/naco-se-corona-campeon-futsala-infantil\/","title":{"rendered":"Naco se corona campe\u00f3n en Futsala infantil"},"content":{"rendered":"<p>EL NUEVO DIARIO, SANTO DOMINGO.- Los equipos de f\u00fatbol sala del Club Deportivo Naco lograron coronarse campeones en el Torneo Invitacional Verano Naco 2019 en las categor\u00edas de 7 a 10 a\u00f1os y 11 a 15 a\u00f1os.<\/p>\n<p>En ambas categor\u00edas la serie final fue contra los combinados del club del Banco Central, en la categor\u00eda 7 a 10 a\u00f1os con goleada de 7 por 1, mientras que en la de 11 a 15 a\u00f1os el resultado fue 4 goles por 1.<\/p>\n<p>Dar\u00edo Ma\u00f1\u00f3n, presidente de la Asociaci\u00f3n de Padres del F\u00fatbol Sala Naque\u00f1o, felicit\u00f3 a los ganadores, tambi\u00e9n agradeci\u00f3 el respaldo de todos los clubes invitados y resalt\u00f3 el sacrificio que hacen los padres apoyando y d\u00e1ndole seguimiento a sus hijos en estos eventos deportivos.<\/p>\n<p>Las terceras posiciones recayeron sobre el club Villa del Se\u00f1or, quienes lograron vencer al club Mirador en ambas oportunidades.<\/p>\n<p>Los jugadores m\u00e1s valiosos fueron Luca Cordini, la categor\u00eda 7 a 10 a\u00f1os y Gregory Rodr\u00edguez, en la categor\u00eda 11 a 15 a\u00f1os.<\/p>\n","protected":false},"excerpt":{"rendered":"<p>En ambas categor\u00edas la serie final fue contra los combinados del club del Banco Central, en la categor\u00eda 7 a 10 a\u00f1os con goleada de 7 por 1, mientras que en la de 11 a 15 a\u00f1os el resultado fue 4 goles por 1<\/p>\n","protected":false},"author":19,"featured_media":60573,"comment_status":"closed","ping_status":"closed","sticky":false,"template":"","format":"standard","meta":[],"categories":[2,60],"tags":[],"acf":[],"_links":{"self":[{"href":"https:\/\/colimdo.org\/wp-api\/wp\/v2\/posts\/60572"}],"collection":[{"href":"https:\/\/colimdo.org\/wp-api\/wp\/v2\/posts"}],"about":[{"href":"https:\/\/colimdo.org\/wp-api\/wp\/v2\/types\/post"}],"author":[{"embeddable":true,"href":"https:\/\/colimdo.org\/wp-api\/wp\/v2\/users\/19"}],"replies":[{"embeddable":true,"href":"https:\/\/colimdo.org\/wp-api\/wp\/v2\/comments?post=60572"}],"version-history":[{"count":1,"href":"https:\/\/colimdo.org\/wp-api\/wp\/v2\/posts\/60572\/revisions"}],"predecessor-version":[{"id":60574,"href":"https:\/\/colimdo.org\/wp-api\/wp\/v2\/posts\/60572\/revisions\/60574"}],"wp:featuredmedia":[{"embeddable":true,"href":"https:\/\/colimdo.org\/wp-api\/wp\/v2\/media\/60573"}],"wp:attachment":[{"href":"https:\/\/colimdo.org\/wp-api\/wp\/v2\/media?parent=60572"}],"wp:term":[{"taxonomy":"category","embeddable":true,"href":"https:\/\/colimdo.org\/wp-api\/wp\/v2\/categories?post=60572"},{"taxonomy":"post_tag","embeddable":true,"href":"https:\/\/colimdo.org\/wp-api\/wp\/v2\/tags?post=60572"}],"curies":[{"name":"wp","href":"https:\/\/api.w.org\/{rel}","templated":true}]}}