{"id":60585,"date":"2019-09-10T11:11:06","date_gmt":"2019-09-10T11:11:06","guid":{"rendered":"https:\/\/colimdo.org\/?p=60585"},"modified":"2019-09-10T11:11:14","modified_gmt":"2019-09-10T11:11:14","slug":"michael-schumacher-trasladado-hospital-paris","status":"publish","type":"post","link":"https:\/\/colimdo.org\/noticias\/michael-schumacher-trasladado-hospital-paris\/","title":{"rendered":"Michael Schumacher, trasladado a un hospital de Par\u00eds"},"content":{"rendered":"<p>El expiloto alem\u00e1n\u00a0Michael Schumacher, siete veces campe\u00f3n del mundo de\u00a0F\u00f3rmula 1, ha ingresado en el\u00a0Hospital Europeo Georges Pompidou de Par\u00eds\u00a0para recibir un &#8220;tratamiento secreto&#8221; este lunes, inform\u00f3 el peri\u00f3dico\u00a0Le Parisien<strong>.<\/strong><\/p>\n<p>Seg\u00fan el medio galo, Schumacher ingres\u00f3 en el centro hospitalario este lunes por la tarde, en la unidad de monitoreo continuo del\u00a0Departamento de Cirug\u00eda Cardiovascular. Fuentes cercanas han asegurado al peri\u00f3dico que el expiloto realiz\u00f3 al menos otras dos visitas al hospital de la capital francesa la pasada primavera, y\u00a0en ambas lleg\u00f3 en helic\u00f3ptero desde Suiza.<\/p>\n<p>Desde que Schumacher, de 50 a\u00f1os, sufri\u00f3 el\u00a0accidente de esqu\u00ed en los Alpes franceses el 29 de diciembre de 2013, su estado de salud es una inc\u00f3gnita. Mientras esquiaba, tropez\u00f3 y golpe\u00f3 su cabeza contra una roca, y solo el casco impidi\u00f3 una muerte inmediata.<\/p>\n<p>Tras eso, el heptacampe\u00f3n mundial de F\u00f3rmula 1 fue trasladado en helic\u00f3ptero a la Cl\u00ednica Universitaria de Grenoble; all\u00ed fue operado dos veces de urgencia y\u00a0los m\u00e9dicos decidieron inducirle un coma.<\/p>\n<p>En septiembre de 2014, nueve meses despu\u00e9s del accidente, el expiloto fue llevado primero al hospital de Lausana, en Suiza, y despu\u00e9s a su casa en la localidad suiza de Gland, a orillas del Lago de Ginebra, donde comenz\u00f3 un largo proceso de rehabilitaci\u00f3n.<\/p>\n","protected":false},"excerpt":{"rendered":"<p>El expiloto alem\u00e1n ha sido ingresado el lunes en el Hospital Europeo Georges Pompidou de Par\u00eds para recibir un &#8220;tratamiento secreto&#8221;.<\/p>\n","protected":false},"author":13,"featured_media":60586,"comment_status":"closed","ping_status":"closed","sticky":false,"template":"","format":"standard","meta":[],"categories":[2,60],"tags":[],"acf":[],"_links":{"self":[{"href":"https:\/\/colimdo.org\/wp-api\/wp\/v2\/posts\/60585"}],"collection":[{"href":"https:\/\/colimdo.org\/wp-api\/wp\/v2\/posts"}],"about":[{"href":"https:\/\/colimdo.org\/wp-api\/wp\/v2\/types\/post"}],"author":[{"embeddable":true,"href":"https:\/\/colimdo.org\/wp-api\/wp\/v2\/users\/13"}],"replies":[{"embeddable":true,"href":"https:\/\/colimdo.org\/wp-api\/wp\/v2\/comments?post=60585"}],"version-history":[{"count":1,"href":"https:\/\/colimdo.org\/wp-api\/wp\/v2\/posts\/60585\/revisions"}],"predecessor-version":[{"id":60587,"href":"https:\/\/colimdo.org\/wp-api\/wp\/v2\/posts\/60585\/revisions\/60587"}],"wp:featuredmedia":[{"embeddable":true,"href":"https:\/\/colimdo.org\/wp-api\/wp\/v2\/media\/60586"}],"wp:attachment":[{"href":"https:\/\/colimdo.org\/wp-api\/wp\/v2\/media?parent=60585"}],"wp:term":[{"taxonomy":"category","embeddable":true,"href":"https:\/\/colimdo.org\/wp-api\/wp\/v2\/categories?post=60585"},{"taxonomy":"post_tag","embeddable":true,"href":"https:\/\/colimdo.org\/wp-api\/wp\/v2\/tags?post=60585"}],"curies":[{"name":"wp","href":"https:\/\/api.w.org\/{rel}","templated":true}]}}