{"id":60588,"date":"2019-09-10T15:14:21","date_gmt":"2019-09-10T15:14:21","guid":{"rendered":"https:\/\/colimdo.org\/?p=60588"},"modified":"2019-09-10T15:14:29","modified_gmt":"2019-09-10T15:14:29","slug":"anuncian-v-edicion-del-norceca-voleibol-playa-bavaro","status":"publish","type":"post","link":"https:\/\/colimdo.org\/noticias\/anuncian-v-edicion-del-norceca-voleibol-playa-bavaro\/","title":{"rendered":"Anuncian V edici\u00f3n del Norceca de Voleibol de Playa en B\u00e1varo"},"content":{"rendered":"<p><strong>VER\u00d3N, La Altagracia<\/strong>. La zona tur\u00edstica de B\u00e1varo-Punta Cana ser\u00e1 nuevamente el escenario del V Torneo Norceca de Voleibol de Playa, con la participaci\u00f3n de 15 pa\u00edses, del 13 al 15 de septiembre pr\u00f3ximos.<\/p>\n<p>En tal sentido, el presidente del Comit\u00e9 Organizador, Ernesto Veloz, ofreci\u00f3 detalles y garantiz\u00f3 que todo est\u00e1 listo para recibir a las delegaciones que accionar\u00e1n en el principal evento de voleibol de playa en el pa\u00eds.<\/p>\n<p>En un encuentro con la prensa deportiva de la zona de B\u00e1varo, Hig\u00fcey y La Romana, Veloz anunci\u00f3 que el evento ser\u00e1 dedicado a Carlos Jim\u00e9nez Ruiz, director de desarrollo en el Caribe de Lopesan Hotels Group, quien durante muchos a\u00f1os ha incidido en el desarrollo del turismo y el deporte de la zona.<\/p>\n<p>\u201cCada a\u00f1o dedicamos el torneo a una persona que verdaderamente tenga incidencia en el turismo, como ha sido en beneficio del gran amigo y empresario Jim\u00e9nez\u201d, destac\u00f3.<\/p>\n<p>De su lado, coordinador general del torneo y presidente de AA Marketing Sport Event, Am\u00f3s Anglade, as\u00ed como la Fundaci\u00f3n Dominicana para el Desarrollo del Turismo Deportivo, anunciaron la participaci\u00f3n de las duplas de USA, Canad\u00e1, M\u00e9xico, Puerto Rico, Curazao, Guatemala, Islas V\u00edrgenes Americanas, Nicaragua, Bahamas, Martinica, Trinidad y Tobago, entre otras.<\/p>\n<p>\u201cLa presencia de todos estos equipos es un mensaje claro y fuerte del clima de seguridad que nuestro pa\u00eds les ofrece a estos atletas, y de manera muy especial, el destino Tur\u00edstico B\u00e1varo, Punta Cana\u201d, agreg\u00f3 Anglade.<\/p>\n<p>Las competiciones iniciar\u00e1n desde el viernes 13 de septiembre a las 9 de la ma\u00f1ana hasta el domingo 15, d\u00eda en que ser\u00e1n las finales por el oro en las ramas Masculino y Femenino. Gran parte de los juegos ser\u00e1n transmitidos a trav\u00e9s del Canal Televisi\u00f3n del Este, del Grupo EB, entre otros medios de comunicaci\u00f3n.<\/p>\n<p>El Comit\u00e9 Organizador ha tomado en cuenta cada detalle a fin de garantizar el \u00e9xito del torneo, por lo que desde este lunes 9 de septiembre se comenz\u00f3 con el montaje de las canchas, para lo cual se ha recibido luz verde de las autoridades de la zona, tales como la Alcald\u00eda, Medio Ambiente, la Direcci\u00f3n Regional de Turismo, as\u00ed como del organismo madre, Ministerio de Turismo de la Rep\u00fablica Dominicana.<\/p>\n<p>El torneo cuenta con el respaldo de la Corporaci\u00f3n Dominicana de Empresas El\u00e9ctricas Estatales (CDEEE), Tribunal Constitucional de la Rep\u00fablica Dominicana, Corporaci\u00f3n El\u00e9ctrica Punta Cana Macao (CPEM), Asociaci\u00f3n de Hoteles del Este (ASOLESTE), Crucito B\u00e1ez, Transporte La Monumental, Molten, Norceca, Miderec, Alcald\u00eda de Ver\u00f3n, Fedovoli, peri\u00f3dico El Tiempo, Grupo de medios EB, Eventos B\u00e1varo, Hotel Impressive, entre otros.<\/p>\n","protected":false},"excerpt":{"rendered":"<p>El torneo se celebrar\u00e1 del 13 al 15 de septiembre pr\u00f3ximos con la participaci\u00f3n de selecciones de 15 pa\u00edses en B\u00e1varo-Punta Cana.<\/p>\n","protected":false},"author":13,"featured_media":60589,"comment_status":"closed","ping_status":"closed","sticky":false,"template":"","format":"standard","meta":[],"categories":[2,60],"tags":[],"acf":[],"_links":{"self":[{"href":"https:\/\/colimdo.org\/wp-api\/wp\/v2\/posts\/60588"}],"collection":[{"href":"https:\/\/colimdo.org\/wp-api\/wp\/v2\/posts"}],"about":[{"href":"https:\/\/colimdo.org\/wp-api\/wp\/v2\/types\/post"}],"author":[{"embeddable":true,"href":"https:\/\/colimdo.org\/wp-api\/wp\/v2\/users\/13"}],"replies":[{"embeddable":true,"href":"https:\/\/colimdo.org\/wp-api\/wp\/v2\/comments?post=60588"}],"version-history":[{"count":1,"href":"https:\/\/colimdo.org\/wp-api\/wp\/v2\/posts\/60588\/revisions"}],"predecessor-version":[{"id":60590,"href":"https:\/\/colimdo.org\/wp-api\/wp\/v2\/posts\/60588\/revisions\/60590"}],"wp:featuredmedia":[{"embeddable":true,"href":"https:\/\/colimdo.org\/wp-api\/wp\/v2\/media\/60589"}],"wp:attachment":[{"href":"https:\/\/colimdo.org\/wp-api\/wp\/v2\/media?parent=60588"}],"wp:term":[{"taxonomy":"category","embeddable":true,"href":"https:\/\/colimdo.org\/wp-api\/wp\/v2\/categories?post=60588"},{"taxonomy":"post_tag","embeddable":true,"href":"https:\/\/colimdo.org\/wp-api\/wp\/v2\/tags?post=60588"}],"curies":[{"name":"wp","href":"https:\/\/api.w.org\/{rel}","templated":true}]}}