{"id":60622,"date":"2019-09-10T22:16:32","date_gmt":"2019-09-10T22:16:32","guid":{"rendered":"https:\/\/colimdo.org\/?p=60622"},"modified":"2019-09-10T22:20:23","modified_gmt":"2019-09-10T22:20:23","slug":"vila-cabrera-se-mediran-sabado-xv-clasico-internacional-rolling-tenis-mesa","status":"publish","type":"post","link":"https:\/\/colimdo.org\/noticias\/vila-cabrera-se-mediran-sabado-xv-clasico-internacional-rolling-tenis-mesa\/","title":{"rendered":"Vila y Cabrera se medir\u00e1n el s\u00e1bado en el XV Cl\u00e1sico Internacional Rolling Tenis de Mesa"},"content":{"rendered":"<p>EL NUEVO DIARIO, SANTIAGO.- La XV edici\u00f3n del Cl\u00e1sico Internacional Rolling de Tenis de Mesa podr\u00eda definirse como la antesala al futuro inmediato de esta disciplina.<\/p>\n<p>El ya tradicional certamen servir\u00e1 de escenario para la m\u00e1s atractiva rivalidad de la calificada nueva generaci\u00f3n de cara al futuro y de paso la de los m\u00e1s dominantes exponentes de la actual.<\/p>\n<p>Un nuevo enfrentamiento de los m\u00e1s aventajados noveles jugadores Ram\u00f3n Vila y Rafa Cabrera luego de su presencia en China como parte de su formaci\u00f3n y desarrollo deportivo, se convierte en el punto de referencia y m\u00e1s atractivo del certamen que se desarrollar\u00e1 de viernes a domingo en la Gran Arena del Cibao.<\/p>\n<p>Vila y Cabrera se ver\u00e1n las caras el s\u00e1bado en una jornada programada para comenzar a las 9, primera de la ya tradicional competencia que re\u00fane los mejores jugadores del pa\u00eds, unos 250, en 15 categor\u00edas.<\/p>\n<p>Lo mejor de hoy<\/p>\n<p>Adem\u00e1s de lo que se presume est\u00e1 por venir, el Cl\u00e1sico Rolling pondr\u00e1 en escenario a los mejores de categor\u00edas m\u00e1ximas, incluyendo los pilares del colectivo nacional, medallistas en los Juegos Panamericanos de Lima, Per\u00fa y quienes batallar\u00e1n con otros de no menos y mejor nivel de otros cuatro pa\u00edses que confirmaron su presencia.<\/p>\n<p>Emil Santos, Samuel G\u00e1lvez, Isaac Vila, entre otros, batallar\u00e1n por la supremac\u00eda del evento de mayor calidad que se monta en el pais.<\/p>\n<p>El torneo que avala la Federaci\u00f3n Dominicana de Tenis de Mesa cuenta con el soporte del Ministerio de Deportes.<\/p>\n<p>Elvis Madera y Victor Hern\u00e1ndez, directores t\u00e9cnicos del Cl\u00e1sico, reiteraron la participaci\u00f3n de los mejores jugadores de las diferentes asociaciones que ejercen la disciplina en el pais, en adici\u00f3n a un buen n\u00facleo de otros de clubes, colegios y universidades que ejercen de manera independiente.<\/p>\n","protected":false},"excerpt":{"rendered":"<p>El ya tradicional certamen servir\u00e1 de escenario para la m\u00e1s atractiva rivalidad de la calificada nueva generaci\u00f3n de cara al futuro y de paso la de los m\u00e1s dominantes exponentes de la actual.<\/p>\n","protected":false},"author":19,"featured_media":60623,"comment_status":"closed","ping_status":"closed","sticky":false,"template":"","format":"standard","meta":[],"categories":[2,60],"tags":[],"acf":[],"_links":{"self":[{"href":"https:\/\/colimdo.org\/wp-api\/wp\/v2\/posts\/60622"}],"collection":[{"href":"https:\/\/colimdo.org\/wp-api\/wp\/v2\/posts"}],"about":[{"href":"https:\/\/colimdo.org\/wp-api\/wp\/v2\/types\/post"}],"author":[{"embeddable":true,"href":"https:\/\/colimdo.org\/wp-api\/wp\/v2\/users\/19"}],"replies":[{"embeddable":true,"href":"https:\/\/colimdo.org\/wp-api\/wp\/v2\/comments?post=60622"}],"version-history":[{"count":2,"href":"https:\/\/colimdo.org\/wp-api\/wp\/v2\/posts\/60622\/revisions"}],"predecessor-version":[{"id":60628,"href":"https:\/\/colimdo.org\/wp-api\/wp\/v2\/posts\/60622\/revisions\/60628"}],"wp:featuredmedia":[{"embeddable":true,"href":"https:\/\/colimdo.org\/wp-api\/wp\/v2\/media\/60623"}],"wp:attachment":[{"href":"https:\/\/colimdo.org\/wp-api\/wp\/v2\/media?parent=60622"}],"wp:term":[{"taxonomy":"category","embeddable":true,"href":"https:\/\/colimdo.org\/wp-api\/wp\/v2\/categories?post=60622"},{"taxonomy":"post_tag","embeddable":true,"href":"https:\/\/colimdo.org\/wp-api\/wp\/v2\/tags?post=60622"}],"curies":[{"name":"wp","href":"https:\/\/api.w.org\/{rel}","templated":true}]}}