{"id":60625,"date":"2019-09-10T22:19:14","date_gmt":"2019-09-10T22:19:14","guid":{"rendered":"https:\/\/colimdo.org\/?p=60625"},"modified":"2019-09-10T22:19:14","modified_gmt":"2019-09-10T22:19:14","slug":"clasico-minibasket-ezequiel-sosa-sera-celebrado-pueblo-nuevo-arena-del-cibao","status":"publish","type":"post","link":"https:\/\/colimdo.org\/noticias\/clasico-minibasket-ezequiel-sosa-sera-celebrado-pueblo-nuevo-arena-del-cibao\/","title":{"rendered":"Cl\u00e1sico Minibasket Ezequiel Sosa ser\u00e1 celebrado en Pueblo Nuevo y  Arena del Cibao"},"content":{"rendered":"<p>EL NUEVO DIARIO, SANTIAGO.-El \u201cCl\u00e1sico Minibasket 2.0 Ezequiel Sosa\u201d, ya tiene fecha y escenarios, el mismo est\u00e1 previsto celebrar del viernes 20 al domingo 22 del presente mes de septiembre, teniendo como escenarios las instalaciones del Club Pueblo Nuevo y la Gran Arena del Cibao Doctor Oscar Gobaira, con la participaci\u00f3n de 10 equipos y m\u00e1s de 120 atletas.<\/p>\n<p>Las informaciones fueron dadas a conocer por el comunicador deportivo Ezequiel Sosa, quien indic\u00f3 que todo est\u00e1 pr\u00e1cticamente listo para garantizar el \u00e9xito de esta segunda versi\u00f3n, la cual tendr\u00e1 una especial dedicatoria a una importante figura del pa\u00eds y otros reconocimientos especiales a personas ligadas de manera directa a los deportes en sentido general.<\/p>\n<p>Sosa indic\u00f3 que el viernes 20 se dar\u00e1 inicio a este importante evento, efectuandose un total de diez encuentros a partir de las 9:00 de la ma\u00f1ana, teniendo como escenario ese d\u00eda el bajo techo Marino Morel Ochoa del Club Pueblo Nuevo, mientras que el s\u00e1bado y el domingo las acciones se trasladaran a la Arena del Cibao Oscar Gobaira, donde en la ma\u00f1ana del s\u00e1bado se tiene previsto realizar el acto de ceremonia oficial del mismo<\/p>\n<p>Ezequiel ratific\u00f3 que en la justa estar\u00e1n participando al igual que el pasado a\u00f1o un total de diez equipos, los cuales fueron elegidos luego de recibir m\u00e1s de 20 solicitudes de participaci\u00f3n, en el cual estar\u00e1 aglutinando a m\u00e1s de 120 ni\u00f1os, nacidos en los a\u00f1os 2008 y 2009, pertenecientes a varias instituciones deportivas del Pa\u00eds.<\/p>\n<p>Este \u201cCl\u00e1sico Minibasket Ezequiel Sosa 2.0\u201d ser\u00e1 dedicado a una figura importante de la sociedad, quien ha logrado avanzar desde la nada hasta llegar a escalar grandes pelda\u00f1os y quien est\u00e1 enfocado en continuar logrando metas a favor de la naci\u00f3n.<\/p>\n","protected":false},"excerpt":{"rendered":"<p>Las informaciones fueron dadas a conocer por el comunicador deportivo Ezequiel Sosa, quien indic\u00f3 que todo est\u00e1 pr\u00e1cticamente listo para garantizar el \u00e9xito de esta segunda versi\u00f3n, la cual tendr\u00e1 una especial dedicatoria a una importante figura del pa\u00eds y otros reconocimientos especiales a personas ligadas de manera directa a los deportes en sentido general.<\/p>\n","protected":false},"author":19,"featured_media":60626,"comment_status":"closed","ping_status":"closed","sticky":false,"template":"","format":"standard","meta":[],"categories":[2,60],"tags":[],"acf":[],"_links":{"self":[{"href":"https:\/\/colimdo.org\/wp-api\/wp\/v2\/posts\/60625"}],"collection":[{"href":"https:\/\/colimdo.org\/wp-api\/wp\/v2\/posts"}],"about":[{"href":"https:\/\/colimdo.org\/wp-api\/wp\/v2\/types\/post"}],"author":[{"embeddable":true,"href":"https:\/\/colimdo.org\/wp-api\/wp\/v2\/users\/19"}],"replies":[{"embeddable":true,"href":"https:\/\/colimdo.org\/wp-api\/wp\/v2\/comments?post=60625"}],"version-history":[{"count":1,"href":"https:\/\/colimdo.org\/wp-api\/wp\/v2\/posts\/60625\/revisions"}],"predecessor-version":[{"id":60627,"href":"https:\/\/colimdo.org\/wp-api\/wp\/v2\/posts\/60625\/revisions\/60627"}],"wp:featuredmedia":[{"embeddable":true,"href":"https:\/\/colimdo.org\/wp-api\/wp\/v2\/media\/60626"}],"wp:attachment":[{"href":"https:\/\/colimdo.org\/wp-api\/wp\/v2\/media?parent=60625"}],"wp:term":[{"taxonomy":"category","embeddable":true,"href":"https:\/\/colimdo.org\/wp-api\/wp\/v2\/categories?post=60625"},{"taxonomy":"post_tag","embeddable":true,"href":"https:\/\/colimdo.org\/wp-api\/wp\/v2\/tags?post=60625"}],"curies":[{"name":"wp","href":"https:\/\/api.w.org\/{rel}","templated":true}]}}