{"id":60636,"date":"2019-09-11T03:54:21","date_gmt":"2019-09-11T03:54:21","guid":{"rendered":"https:\/\/colimdo.org\/?p=60636"},"modified":"2019-09-11T03:56:36","modified_gmt":"2019-09-11T03:56:36","slug":"christian-yelich-perdera-resto-la-temporada-fractura-rodilla","status":"publish","type":"post","link":"https:\/\/colimdo.org\/noticias\/christian-yelich-perdera-resto-la-temporada-fractura-rodilla\/","title":{"rendered":"Christian Yelich perder\u00e1 el resto de la temporada por fractura en rodilla"},"content":{"rendered":"<p>LAS MAYORES, MIAMI \u2013 El ca\u00f1onero de los Cerveceros Christian Yelich se fractur\u00f3 la r\u00f3tula de la rodilla derecha el martes en la victoria de Milwaukee\u00a0 4-3 sobre los Marlins y perder\u00e1 el resto de la temporada, el equipo anunci\u00f3.<\/p>\n<p>En el primer inning, Yelich se golpe\u00f3 la rodilla con un batazo de foul a un slider de 79.8 millas por hora del diestro venezolano Eli\u00e9ser Hern\u00e1ndez y cay\u00f3 al suelo.<\/p>\n<p>Yelich, el Jugador M\u00e1s Valioso de la Liga Nacional hace un a\u00f1o, lleg\u00f3 al martes como el l\u00edder de Grandes Ligas en slugging (.672), OPS (1.102) y total de bases (328).<\/p>\n<p>Hasta este momento en la temporada, el jardinero llevaba un porcentaje de 330 de averaje, 44 cuadrangulares y un total de 97 carreras empujadas.<\/p>\n","protected":false},"excerpt":{"rendered":"<p>En el primer inning, Yelich se golpe\u00f3 la rodilla con un batazo de foul a un slider de 79.8 millas por hora del diestro venezolano Eli\u00e9ser Hern\u00e1ndez y cay\u00f3 al suelo.<\/p>\n","protected":false},"author":19,"featured_media":60637,"comment_status":"closed","ping_status":"closed","sticky":false,"template":"","format":"standard","meta":[],"categories":[2,60],"tags":[],"acf":[],"_links":{"self":[{"href":"https:\/\/colimdo.org\/wp-api\/wp\/v2\/posts\/60636"}],"collection":[{"href":"https:\/\/colimdo.org\/wp-api\/wp\/v2\/posts"}],"about":[{"href":"https:\/\/colimdo.org\/wp-api\/wp\/v2\/types\/post"}],"author":[{"embeddable":true,"href":"https:\/\/colimdo.org\/wp-api\/wp\/v2\/users\/19"}],"replies":[{"embeddable":true,"href":"https:\/\/colimdo.org\/wp-api\/wp\/v2\/comments?post=60636"}],"version-history":[{"count":3,"href":"https:\/\/colimdo.org\/wp-api\/wp\/v2\/posts\/60636\/revisions"}],"predecessor-version":[{"id":60640,"href":"https:\/\/colimdo.org\/wp-api\/wp\/v2\/posts\/60636\/revisions\/60640"}],"wp:featuredmedia":[{"embeddable":true,"href":"https:\/\/colimdo.org\/wp-api\/wp\/v2\/media\/60637"}],"wp:attachment":[{"href":"https:\/\/colimdo.org\/wp-api\/wp\/v2\/media?parent=60636"}],"wp:term":[{"taxonomy":"category","embeddable":true,"href":"https:\/\/colimdo.org\/wp-api\/wp\/v2\/categories?post=60636"},{"taxonomy":"post_tag","embeddable":true,"href":"https:\/\/colimdo.org\/wp-api\/wp\/v2\/tags?post=60636"}],"curies":[{"name":"wp","href":"https:\/\/api.w.org\/{rel}","templated":true}]}}