{"id":60644,"date":"2019-09-11T14:03:41","date_gmt":"2019-09-11T14:03:41","guid":{"rendered":"https:\/\/colimdo.org\/?p=60644"},"modified":"2019-09-11T14:03:58","modified_gmt":"2019-09-11T14:03:58","slug":"condenan-futbolista-turco-prision-disparar-hospital","status":"publish","type":"post","link":"https:\/\/colimdo.org\/noticias\/condenan-futbolista-turco-prision-disparar-hospital\/","title":{"rendered":"Condenan futbolista turco a prisi\u00f3n por disparar en un hospital"},"content":{"rendered":"<p>El futbolista turco\u00a0<strong>Arda Turan<\/strong>, exjugador del\u00a0<strong>Atl\u00e9tico de Madrid<\/strong>\u00a0y del\u00a0<strong>FC Barcelona<\/strong>, fue condenado este mi\u00e9rcoles a dos a\u00f1os y ocho meses de c\u00e1rcel, sin entrada inmediata en prisi\u00f3n, por llevar sin licencia un arma, con la que dispar\u00f3 al suelo en un hospital. El internacional turco, actualmente en el Basaksehir de Estambul, no tendr\u00e1 que ingresar en prisi\u00f3n, a no ser que cometa otro delito en los pr\u00f3ximos cinco a\u00f1os, al haber renunciado a apelar la sentencia.<\/p>\n<p>Los hechos juzgados se remontan a octubre de 2018, cuando Turan se pele\u00f3 en una discoteca con el popular cantante<strong>\u00a0Berkan Sahin<\/strong>, que hab\u00eda acusado al futbolista de haber acosado a su mujer. El tribunal absolvi\u00f3 a Turan del delito de acoso, pero lo conden\u00f3 por el de lesiones intencionadas, al haber roto la nariz al cantante; por tenencia il\u00edcita de armas; y por haber disparado al suelo la pistola en el hospital al que hab\u00eda acudido Sahin tras la pelea.<\/p>\n<p>Durante el juicio, el futbolista neg\u00f3 el acoso, pero reconoci\u00f3 los dem\u00e1s hechos, si bien asegura que el disparo fue accidental. &#8220;Gracias a Dios, la Justicia turca ha considerado que era una vergonzosa difamaci\u00f3n&#8221;, escribi\u00f3 Turan en referencia a la absoluci\u00f3n del delito de acoso, en un comunicado difundido por NTV.<\/p>\n<p>El delantero turco, cedido desde enero de 2018 por el Bar\u00e7a al Basaksehir de la Superliga turca\u00a0y lejos del futbolista que fue, ha denunciado tambi\u00e9n a Sahin por &#8220;difamaci\u00f3n&#8221;. En las redes sociales turcas, numerosos usuarios consideran la sentencia y su suspensi\u00f3n como enormemente indulgente, sobre todo compar\u00e1ndola con otras condenas, muy superiores, por delitos de opini\u00f3n pol\u00edtica.<\/p>\n","protected":false},"excerpt":{"rendered":"<p>El turco Arda Turan fue condenado este mi\u00e9rcoles a dos a\u00f1os y ocho meses de c\u00e1rcel, sin entrada inmediata en prisi\u00f3n, por llevar sin licencia un arma.<\/p>\n","protected":false},"author":13,"featured_media":60645,"comment_status":"closed","ping_status":"closed","sticky":false,"template":"","format":"standard","meta":[],"categories":[2,60],"tags":[],"acf":[],"_links":{"self":[{"href":"https:\/\/colimdo.org\/wp-api\/wp\/v2\/posts\/60644"}],"collection":[{"href":"https:\/\/colimdo.org\/wp-api\/wp\/v2\/posts"}],"about":[{"href":"https:\/\/colimdo.org\/wp-api\/wp\/v2\/types\/post"}],"author":[{"embeddable":true,"href":"https:\/\/colimdo.org\/wp-api\/wp\/v2\/users\/13"}],"replies":[{"embeddable":true,"href":"https:\/\/colimdo.org\/wp-api\/wp\/v2\/comments?post=60644"}],"version-history":[{"count":1,"href":"https:\/\/colimdo.org\/wp-api\/wp\/v2\/posts\/60644\/revisions"}],"predecessor-version":[{"id":60646,"href":"https:\/\/colimdo.org\/wp-api\/wp\/v2\/posts\/60644\/revisions\/60646"}],"wp:featuredmedia":[{"embeddable":true,"href":"https:\/\/colimdo.org\/wp-api\/wp\/v2\/media\/60645"}],"wp:attachment":[{"href":"https:\/\/colimdo.org\/wp-api\/wp\/v2\/media?parent=60644"}],"wp:term":[{"taxonomy":"category","embeddable":true,"href":"https:\/\/colimdo.org\/wp-api\/wp\/v2\/categories?post=60644"},{"taxonomy":"post_tag","embeddable":true,"href":"https:\/\/colimdo.org\/wp-api\/wp\/v2\/tags?post=60644"}],"curies":[{"name":"wp","href":"https:\/\/api.w.org\/{rel}","templated":true}]}}