{"id":60659,"date":"2019-09-11T18:11:30","date_gmt":"2019-09-11T18:11:30","guid":{"rendered":"https:\/\/colimdo.org\/?p=60659"},"modified":"2019-09-11T18:11:36","modified_gmt":"2019-09-11T18:11:36","slug":"templo-la-fama-deportista-vegano-hara-ceremonial-este-domingo","status":"publish","type":"post","link":"https:\/\/colimdo.org\/noticias\/templo-la-fama-deportista-vegano-hara-ceremonial-este-domingo\/","title":{"rendered":"Templo de la Fama Deportista Vegano har\u00e1 ceremonial este domingo"},"content":{"rendered":"<p><strong>SANTO DOMINGO<\/strong>. El Templo de la Fama del Deportista Vegano acoger\u00e1 a un total de seis nuevos inmortales en el XXVI Ceremonial que tendr\u00e1 lugar este domingo 15 de septiembre en el edificio que aloja a la entidad en La Vega.<\/p>\n<p>El ceremonial, al que han sido invitados todos los exaltados en a\u00f1os anteriores, est\u00e1 pautado para comenzar a las 10:00 de la ma\u00f1ana.<\/p>\n<p>Entre los que ser\u00e1n inmortales se encuentran Gregorio Adames (Gollito) en la disciplina de b\u00e9isbol; Plinio Guarionex G\u00f3mez (Plinito) en ciclismo; Porfirio G\u00f3mez Jim\u00e9nez (Porfirito), como propulsor; Profesor Otilio Reyes (el Vij\u00fa), en atletismo; Heidi Rodr\u00edguez, en karate, y Marina Pascasia Valdez Monta\u00f1o, en softbol.<\/p>\n<p>Adem\u00e1s de los citados deportistas, tambi\u00e9n ser\u00e1 objeto de un reconocimiento el Club Amante del Progreso, en Rancho Viejo, La Vega, por sus aportes al deporte y a la comunidad.<\/p>\n<p>El acto estar\u00e1 dirigido por el Comit\u00e9 Permanente del Templo de la Fama del Deportista Vegano, presidido por el profesor Luis Elpidio Cumba; licenciado Francisco Peguero, secretario general; S\u00f3crates Cosme, tesorero, as\u00ed como Porfirio Veras Mercedes (Popo), presidente del comit\u00e9 de veteranos.<\/p>\n<p>El encuentro de exaltaci\u00f3n a los nuevos inmortales veganos tambi\u00e9n han sido invitados autoridades, municipales, civiles, militares, deportistas y dirigentes culturales.<\/p>\n","protected":false},"excerpt":{"rendered":"<p>El ceremonial est\u00e1 pautado para comenzar a las 10:00 de la ma\u00f1ana en el sal\u00f3n principal del edificio del Tempo de la Fama del Deportista Vegano.<\/p>\n","protected":false},"author":13,"featured_media":60660,"comment_status":"closed","ping_status":"closed","sticky":false,"template":"","format":"standard","meta":[],"categories":[2,60],"tags":[],"acf":[],"_links":{"self":[{"href":"https:\/\/colimdo.org\/wp-api\/wp\/v2\/posts\/60659"}],"collection":[{"href":"https:\/\/colimdo.org\/wp-api\/wp\/v2\/posts"}],"about":[{"href":"https:\/\/colimdo.org\/wp-api\/wp\/v2\/types\/post"}],"author":[{"embeddable":true,"href":"https:\/\/colimdo.org\/wp-api\/wp\/v2\/users\/13"}],"replies":[{"embeddable":true,"href":"https:\/\/colimdo.org\/wp-api\/wp\/v2\/comments?post=60659"}],"version-history":[{"count":1,"href":"https:\/\/colimdo.org\/wp-api\/wp\/v2\/posts\/60659\/revisions"}],"predecessor-version":[{"id":60661,"href":"https:\/\/colimdo.org\/wp-api\/wp\/v2\/posts\/60659\/revisions\/60661"}],"wp:featuredmedia":[{"embeddable":true,"href":"https:\/\/colimdo.org\/wp-api\/wp\/v2\/media\/60660"}],"wp:attachment":[{"href":"https:\/\/colimdo.org\/wp-api\/wp\/v2\/media?parent=60659"}],"wp:term":[{"taxonomy":"category","embeddable":true,"href":"https:\/\/colimdo.org\/wp-api\/wp\/v2\/categories?post=60659"},{"taxonomy":"post_tag","embeddable":true,"href":"https:\/\/colimdo.org\/wp-api\/wp\/v2\/tags?post=60659"}],"curies":[{"name":"wp","href":"https:\/\/api.w.org\/{rel}","templated":true}]}}