{"id":60662,"date":"2019-09-12T00:46:04","date_gmt":"2019-09-12T00:46:04","guid":{"rendered":"https:\/\/colimdo.org\/?p=60662"},"modified":"2019-09-12T00:46:04","modified_gmt":"2019-09-12T00:46:04","slug":"marchan-buen-ritmo-trabajos-copa-mundial-triatlon-rd","status":"publish","type":"post","link":"https:\/\/colimdo.org\/noticias\/marchan-buen-ritmo-trabajos-copa-mundial-triatlon-rd\/","title":{"rendered":"Marchan a buen ritmo trabajos Copa Mundial de Triatl\u00f3n en RD"},"content":{"rendered":"<p>SANTO DOMINGO.- Los trabajos organizativos de la Copa Mundial de Triatl\u00f3n, a celebrarse los d\u00edas 9 y 10 de noviembre y que es clasificatorio para los Juegos Ol\u00edmpicos de Tokio 2020, marchan a buen ritmo, a juicio del presidente de la Federaci\u00f3n Dominicana de ese deporte, Franklin de la Cruz.<\/p>\n<p>Se\u00f1al\u00f3 que, en la ma\u00f1ana de este mi\u00e9rcoles, sostuvo un encuentro con Luis Mej\u00eda Oviedo, presidente del Comit\u00e9 Ol\u00edmpico Dominicano (COD), donde pasaron balance a los trabajos que hasta el momento se han realizado para el buen \u00e9xito de la justa mundialista.<\/p>\n<p>\u201cLos trabajos van muy bien\u201d, indic\u00f3 De la Cruz. \u201cVamos al d\u00eda en la parte t\u00e9cnica en coordinaci\u00f3n con la Uni\u00f3n Internacional de Triatl\u00f3n (ITU por sus siglas en ingl\u00e9s). Estos trabajos est\u00e1n a cargo de Eugenio Contreras y Toribio Cambero\u201d, agreg\u00f3.<\/p>\n<p>El evento se realizar\u00e1 en la playa de San Souci y contar\u00e1 con la participaci\u00f3n de atletas de 40 pa\u00edses, quienes estar\u00e1n buscando puntos para el ranking clasificatorio de los Juegos Ol\u00edmpicos de Tokio por celebrarse del viernes 24 de julio al domingo 9 de agosto del pr\u00f3ximo a\u00f1o.<\/p>\n<p>\u201cEste es un gran compromiso que asumimos como federaci\u00f3n y como pa\u00eds. Esperamos salir por todo lo alto. Hay un gran equipo de trabajo con nosotros involucrados en este evento y junto de la mano del Comit\u00e9 Ol\u00edmpico Dominicano, que es nuestra mano de garant\u00eda de que las cosas van a salir bien\u201d, manifest\u00f3 De la Cruz.<\/p>\n<p>Indic\u00f3, adem\u00e1s, que se est\u00e1 trabajando en los trazados de las rutas, a petici\u00f3n de la ITU. Estos iniciaron hace aproximadamente un mes y medio.<\/p>\n<p>\u201cHemos estado midiendo y evaluando las condiciones del agua, as\u00ed como de otros requerimientos, que, a la fecha, hemos tenido el visto bueno por parte de la Uni\u00f3n Internacional de Triatl\u00f3n respeto al evento\u201d, apunt\u00f3 el federado deportivo.<\/p>\n<p>Para el d\u00eda nueve de noviembre se realizar\u00e1n los campeonatos nacionales en distancia sprint y s\u00faper sprint. Estar\u00e1n viendo acci\u00f3n los atletas de las d, mientras que el diez se realizar\u00e1 la Copa Mundial.<\/p>\n","protected":false},"excerpt":{"rendered":"<p>Se\u00f1al\u00f3 que, en la ma\u00f1ana de este mi\u00e9rcoles, sostuvo un encuentro con Luis Mej\u00eda Oviedo, presidente del Comit\u00e9 Ol\u00edmpico Dominicano (COD), donde pasaron balance a los trabajos que hasta el momento se han realizado para el buen \u00e9xito de la justa mundialista.<\/p>\n","protected":false},"author":19,"featured_media":60663,"comment_status":"closed","ping_status":"closed","sticky":false,"template":"","format":"standard","meta":[],"categories":[2,60],"tags":[],"acf":[],"_links":{"self":[{"href":"https:\/\/colimdo.org\/wp-api\/wp\/v2\/posts\/60662"}],"collection":[{"href":"https:\/\/colimdo.org\/wp-api\/wp\/v2\/posts"}],"about":[{"href":"https:\/\/colimdo.org\/wp-api\/wp\/v2\/types\/post"}],"author":[{"embeddable":true,"href":"https:\/\/colimdo.org\/wp-api\/wp\/v2\/users\/19"}],"replies":[{"embeddable":true,"href":"https:\/\/colimdo.org\/wp-api\/wp\/v2\/comments?post=60662"}],"version-history":[{"count":1,"href":"https:\/\/colimdo.org\/wp-api\/wp\/v2\/posts\/60662\/revisions"}],"predecessor-version":[{"id":60664,"href":"https:\/\/colimdo.org\/wp-api\/wp\/v2\/posts\/60662\/revisions\/60664"}],"wp:featuredmedia":[{"embeddable":true,"href":"https:\/\/colimdo.org\/wp-api\/wp\/v2\/media\/60663"}],"wp:attachment":[{"href":"https:\/\/colimdo.org\/wp-api\/wp\/v2\/media?parent=60662"}],"wp:term":[{"taxonomy":"category","embeddable":true,"href":"https:\/\/colimdo.org\/wp-api\/wp\/v2\/categories?post=60662"},{"taxonomy":"post_tag","embeddable":true,"href":"https:\/\/colimdo.org\/wp-api\/wp\/v2\/tags?post=60662"}],"curies":[{"name":"wp","href":"https:\/\/api.w.org\/{rel}","templated":true}]}}