{"id":60669,"date":"2019-09-12T00:56:15","date_gmt":"2019-09-12T00:56:15","guid":{"rendered":"https:\/\/colimdo.org\/?p=60669"},"modified":"2019-09-12T00:56:15","modified_gmt":"2019-09-12T00:56:15","slug":"federacion-boxeo-nombra-hector-garcia-presidente-selecciones-nacionales","status":"publish","type":"post","link":"https:\/\/colimdo.org\/noticias\/federacion-boxeo-nombra-hector-garcia-presidente-selecciones-nacionales\/","title":{"rendered":"Federaci\u00f3n de Boxeo nombra H\u00e9ctor Garc\u00eda presidente de Selecciones Nacionales"},"content":{"rendered":"<p>EL NUEVO DIARIO, SANTO DOMINGO.- El cronista deportivo H\u00e9ctor Garc\u00eda fue designado presidente del Proyecto de Selecciones Nacionales de Boxeo, como un reconocimiento a su buen desempe\u00f1o en los Juegos Panamericanos de Lima, Per\u00fa.<\/p>\n<p>Garc\u00eda, quien es presidente de la Asociaci\u00f3n de Boxeo del Distrito Nacional, fue el delegado en el boxeo en la cita de Lima, siendo la segunda disciplina en el aporte de medalla para la Rep\u00fablica Dominicana.<\/p>\n<p>La designaci\u00f3n lleg\u00f3 a Garc\u00eda v\u00eda una comunicaci\u00f3n de la Federaci\u00f3n Dominicana de Boxeo, la cual est\u00e1 firmada por su presidente, Juan Francisco Vargas.<\/p>\n<p>El organismo que rige el boxeo en la Rep\u00fablica Dominicana, inform\u00f3 a Garc\u00eda que la designaci\u00f3n tiene efectos inmediatos y que es un reconocimiento a su desempe\u00f1o a favor de esta disciplina en los Juegos Panamericanos.<\/p>\n<p>Destaca que Garc\u00eda fue un defensor del boxeo, antes, durante y despu\u00e9s de los resultados donde los gladiadores dominicanos batallaron sobre el cuadril\u00e1tero, muchas veces en desventaja con otros pa\u00edses.<\/p>\n<p>\u201cSu desempe\u00f1o en Lima amerita una gran felicitaci\u00f3n. Regocijo y reconocimiento de toda la familia del boxeo de la Rep\u00fablica Dominicana\u201d, dice la comunicaci\u00f3n de los federados.<\/p>\n<p>En total la Rep\u00fablica Dominicana regres\u00f3 con seis medallas en boxeo de los Juegos Panamericanos, Lima 2019.<\/p>\n<p>Las preseas fueron una de oro, dos de plata y tres de bronce, tanto en el boxeo masculino como femenino.<\/p>\n<p>La medalla dorada fue conquistada por Rodrigo Marte, mientras que Leonel De los Santos y Rohan Polanco pusieron sobre sus pechos la plata.<\/p>\n<p>Entre las damas se alzaron con bronce, Mar\u00eda Moronta, Alexy De la Cruz y Miguelina Hern\u00e1ndez, para ser la segunda disciplina que m\u00e1s medallas aport\u00f3 para el pa\u00eds.<\/p>\n","protected":false},"excerpt":{"rendered":"<p>Garc\u00eda, quien es presidente de la Asociaci\u00f3n de Boxeo del Distrito Nacional, fue el delegado en el boxeo en la cita de Lima, siendo la segunda disciplina en el aporte de medalla para la Rep\u00fablica Dominicana.<\/p>\n","protected":false},"author":19,"featured_media":60670,"comment_status":"closed","ping_status":"closed","sticky":false,"template":"","format":"standard","meta":[],"categories":[2,60],"tags":[],"acf":[],"_links":{"self":[{"href":"https:\/\/colimdo.org\/wp-api\/wp\/v2\/posts\/60669"}],"collection":[{"href":"https:\/\/colimdo.org\/wp-api\/wp\/v2\/posts"}],"about":[{"href":"https:\/\/colimdo.org\/wp-api\/wp\/v2\/types\/post"}],"author":[{"embeddable":true,"href":"https:\/\/colimdo.org\/wp-api\/wp\/v2\/users\/19"}],"replies":[{"embeddable":true,"href":"https:\/\/colimdo.org\/wp-api\/wp\/v2\/comments?post=60669"}],"version-history":[{"count":1,"href":"https:\/\/colimdo.org\/wp-api\/wp\/v2\/posts\/60669\/revisions"}],"predecessor-version":[{"id":60671,"href":"https:\/\/colimdo.org\/wp-api\/wp\/v2\/posts\/60669\/revisions\/60671"}],"wp:featuredmedia":[{"embeddable":true,"href":"https:\/\/colimdo.org\/wp-api\/wp\/v2\/media\/60670"}],"wp:attachment":[{"href":"https:\/\/colimdo.org\/wp-api\/wp\/v2\/media?parent=60669"}],"wp:term":[{"taxonomy":"category","embeddable":true,"href":"https:\/\/colimdo.org\/wp-api\/wp\/v2\/categories?post=60669"},{"taxonomy":"post_tag","embeddable":true,"href":"https:\/\/colimdo.org\/wp-api\/wp\/v2\/tags?post=60669"}],"curies":[{"name":"wp","href":"https:\/\/api.w.org\/{rel}","templated":true}]}}