{"id":60696,"date":"2019-09-12T18:02:03","date_gmt":"2019-09-12T18:02:03","guid":{"rendered":"https:\/\/colimdo.org\/?p=60696"},"modified":"2019-09-12T18:02:12","modified_gmt":"2019-09-12T18:02:12","slug":"haran-reunion-este-viernes-juegos-nacionales-valdesia-2020","status":"publish","type":"post","link":"https:\/\/colimdo.org\/noticias\/haran-reunion-este-viernes-juegos-nacionales-valdesia-2020\/","title":{"rendered":"Har\u00e1n reuni\u00f3n este viernes Juegos Nacionales Valdesia 2020"},"content":{"rendered":"<p><strong>SANTO DOMINGO<\/strong>. Autoridades y las distintas comisiones continuar\u00e1n con los programas de trabajo de los Juegos Deportivos Nacionales Valdesia 2020 en una reuni\u00f3n que tendr\u00e1 lugar este viernes, a las 11:00 de la ma\u00f1ana, en el Ministerio de Deportes.<\/p>\n<p>Desde el mes de marzo de este a\u00f1o, representantes de las organizaciones deportivas de las provincias sedes, as\u00ed como autoridades provinciales y municipales y del Ministerio de Deportes han llevado a cabo reuniones de trabajo para darle forma a la organizaci\u00f3n de la cita multideportiva.<\/p>\n<p>En el encuentro de este viernes se abordar\u00e1n diversos temas con el prop\u00f3sito de que el certamen multideportivo se organice sin ning\u00fan tipo de inconvenientes.<\/p>\n<p>El pasado mes de julio de este a\u00f1o, el Ministro de Deportes, Danilo D\u00edaz, junto a representantes de las organizaciones deportivas de las provincias sedes, as\u00ed como autoridades provinciales y municipales, fijaron del 2 al 11 de julio\u00a0 la fecha de los XV\u00a0 Juegos Deportivos Nacionales del 2020.<\/p>\n<p>En el encuentro donde se fij\u00f3 la fecha definitiva de los Juegos Valdesia 2020, estuvo presente Luis\u00edn Mej\u00eda, presidente del Comit\u00e9 Ol\u00edmpico Dominicano, as\u00ed como los senadores Rafael Calder\u00f3n, de Azua; Wilton Guerrero, de Peravia; y Pedro Alegr\u00eda, de San Jos\u00e9 de Ocoa.<\/p>\n<p>En esa ocasi\u00f3n tambi\u00e9n se trabaj\u00f3 en la lista de las disciplinas deportivas que se jugar\u00e1n en cada una de las provincias: Peravia, San Jos\u00e9 de Ocoa y Azua, que forman la Regi\u00f3n Valdesia, sede los juegos.<\/p>\n","protected":false},"excerpt":{"rendered":"<p>El encuentro est\u00e1 pautado para las 11:00 de la ma\u00f1ana en el ministerio de Deportes con las autoridades y las distintas comisiones de trabajo.<\/p>\n","protected":false},"author":13,"featured_media":60697,"comment_status":"closed","ping_status":"closed","sticky":false,"template":"","format":"standard","meta":[],"categories":[2,60],"tags":[],"acf":[],"_links":{"self":[{"href":"https:\/\/colimdo.org\/wp-api\/wp\/v2\/posts\/60696"}],"collection":[{"href":"https:\/\/colimdo.org\/wp-api\/wp\/v2\/posts"}],"about":[{"href":"https:\/\/colimdo.org\/wp-api\/wp\/v2\/types\/post"}],"author":[{"embeddable":true,"href":"https:\/\/colimdo.org\/wp-api\/wp\/v2\/users\/13"}],"replies":[{"embeddable":true,"href":"https:\/\/colimdo.org\/wp-api\/wp\/v2\/comments?post=60696"}],"version-history":[{"count":1,"href":"https:\/\/colimdo.org\/wp-api\/wp\/v2\/posts\/60696\/revisions"}],"predecessor-version":[{"id":60698,"href":"https:\/\/colimdo.org\/wp-api\/wp\/v2\/posts\/60696\/revisions\/60698"}],"wp:featuredmedia":[{"embeddable":true,"href":"https:\/\/colimdo.org\/wp-api\/wp\/v2\/media\/60697"}],"wp:attachment":[{"href":"https:\/\/colimdo.org\/wp-api\/wp\/v2\/media?parent=60696"}],"wp:term":[{"taxonomy":"category","embeddable":true,"href":"https:\/\/colimdo.org\/wp-api\/wp\/v2\/categories?post=60696"},{"taxonomy":"post_tag","embeddable":true,"href":"https:\/\/colimdo.org\/wp-api\/wp\/v2\/tags?post=60696"}],"curies":[{"name":"wp","href":"https:\/\/api.w.org\/{rel}","templated":true}]}}